{"id":126575,"date":"2018-11-25T05:58:36","date_gmt":"2018-11-25T07:58:36","guid":{"rendered":"https:\/\/diarioregionaldigital.com.br\/?p=126575"},"modified":"2018-11-26T12:08:02","modified_gmt":"2018-11-26T14:08:02","slug":"prf-realiza-entrega-de-doacoes-da-campanha-contra-o-cancer-infantil","status":"publish","type":"post","link":"https:\/\/diarioregionaldigital.com.br\/?p=126575","title":{"rendered":"PRF realiza entrega de doa\u00e7\u00f5es da campanha contra o c\u00e2ncer infantil"},"content":{"rendered":"<p>&#8220;Fazer o bem sem olhar a quem&#8221;. Este foi o lema dos policiais rodovi\u00e1rios federais na campanha &#8220;Policiais contra o c\u00e2ncer infantil&#8221;. Neste s\u00e1bado, 24, a institui\u00e7\u00e3o Funda\u00e7\u00e3o Ricardo Moys\u00e9s J\u00fanior.<\/p>\n<p>A a\u00e7\u00e3o contou com mais de 55 participantes, dentre crian\u00e7as, pais, respons\u00e1veis, policiais e com a presen\u00e7a do &#8220;Z\u00e9 Patrulha&#8221;, mascote da PRF.<\/p>\n<p>Na ocasi\u00e3o, foram feitas v\u00e1rias atividades recreativas, distribui\u00e7\u00e3o de livros e muita brincadeira. O dia aconteceu em todo o territ\u00f3rio nacional em comemora\u00e7\u00e3o ao dia Nacional de Combate ao C\u00e2ncer Infantil.<\/p>\n<h3>Campanha<\/h3>\n<p>Em 2014, em Goi\u00e2nia, a partir de uma iniciativa da Comiss\u00e3o de Direitos Humanos da PRF em Goi\u00e1s, obtendo grande repercuss\u00e3o interna, com apoio de centenas de policiais foi criada a campanha &#8220;Policiais contra o c\u00e2ncer infantil&#8221;.<\/p>\n<p>No ano passado o projeto atendeu mais de 1300 crian\u00e7as, sendo que quase 800 servidores da PRF se esfor\u00e7aram para realizar dezenas de eventos em todo o Brasil. Foram passeios cicl\u00edsticos, moto cicl\u00edsticos, solid\u00e1rio, que culminaram com um grande evento de entrega das doa\u00e7\u00f5es.<\/p>\n","protected":false},"excerpt":{"rendered":"<p>&#8220;Fazer o bem sem olhar a quem&#8221;. Este foi o lema dos policiais rodovi\u00e1rios federais na campanha &#8220;Policiais contra o c\u00e2ncer infantil&#8221;. Neste s\u00e1bado, 24, a institui\u00e7\u00e3o Funda\u00e7\u00e3o Ricardo Moys\u00e9s J\u00fanior. A a\u00e7\u00e3o contou com mais de 55 participantes, dentre crian\u00e7as, pais, respons\u00e1veis, policiais e com a presen\u00e7a do &#8220;Z\u00e9 Patrulha&#8221;, mascote da PRF. Na [&hellip;]<\/p>\n","protected":false},"author":96,"featured_media":0,"comment_status":"closed","ping_status":"closed","sticky":false,"template":"","format":"standard","meta":{"footnotes":""},"categories":[253,436,440,439],"tags":[],"class_list":["post-126575","post","type-post","status-publish","format-standard","hentry","category-cidade","category-destaque-da-semana","category-destaques-do-dia","category-ultima-hora"],"_links":{"self":[{"href":"https:\/\/diarioregionaldigital.com.br\/index.php?rest_route=\/wp\/v2\/posts\/126575","targetHints":{"allow":["GET"]}}],"collection":[{"href":"https:\/\/diarioregionaldigital.com.br\/index.php?rest_route=\/wp\/v2\/posts"}],"about":[{"href":"https:\/\/diarioregionaldigital.com.br\/index.php?rest_route=\/wp\/v2\/types\/post"}],"author":[{"embeddable":true,"href":"https:\/\/diarioregionaldigital.com.br\/index.php?rest_route=\/wp\/v2\/users\/96"}],"replies":[{"embeddable":true,"href":"https:\/\/diarioregionaldigital.com.br\/index.php?rest_route=%2Fwp%2Fv2%2Fcomments&post=126575"}],"version-history":[{"count":0,"href":"https:\/\/diarioregionaldigital.com.br\/index.php?rest_route=\/wp\/v2\/posts\/126575\/revisions"}],"wp:attachment":[{"href":"https:\/\/diarioregionaldigital.com.br\/index.php?rest_route=%2Fwp%2Fv2%2Fmedia&parent=126575"}],"wp:term":[{"taxonomy":"category","embeddable":true,"href":"https:\/\/diarioregionaldigital.com.br\/index.php?rest_route=%2Fwp%2Fv2%2Fcategories&post=126575"},{"taxonomy":"post_tag","embeddable":true,"href":"https:\/\/diarioregionaldigital.com.br\/index.php?rest_route=%2Fwp%2Fv2%2Ftags&post=126575"}],"curies":[{"name":"wp","href":"https:\/\/api.w.org\/{rel}","templated":true}]}}