{"id":126569,"date":"2018-11-26T11:33:19","date_gmt":"2018-11-26T13:33:19","guid":{"rendered":"https:\/\/diarioregionaldigital.com.br\/?p=126569"},"modified":"2018-11-26T11:34:30","modified_gmt":"2018-11-26T13:34:30","slug":"ministerio-do-trabalho-celebra-88-anos-com-atividades-em-todo-o-pais","status":"publish","type":"post","link":"https:\/\/diarioregionaldigital.com.br\/?p=126569","title":{"rendered":"Minist\u00e9rio do Trabalho celebra 88 anos com atividades em todo o pa\u00eds"},"content":{"rendered":"<p>Servidores das 27 superintend\u00eancias regionais do Trabalho espalhadas pelo pa\u00eds celebram nesta segunda-feira, 26, os 88 anos Minist\u00e9rio do Trabalho. O \u00f3rg\u00e3o foi criado em 26 de novembro de 1930, como uma das primeiras iniciativas do governo de Get\u00falio Vargas.<\/p>\n<p>Em mensagem pelo anivers\u00e1rio da pasta, Mello lembrou que, em 1943, o minist\u00e9rio coordenou a edi\u00e7\u00e3o da CLT, a Consolida\u00e7\u00e3o das Leis do Trabalho, \u201ccontendo a mais profunda e avan\u00e7ada inova\u00e7\u00e3o legislativa nas rela\u00e7\u00f5es do capital e trabalho\u201d e, desde ent\u00e3o, vem promovendo a harmoniza\u00e7\u00e3o das rela\u00e7\u00f5es do trabalho e a prote\u00e7\u00e3o do trabalhador. S\u00f3 nos oito primeiros meses do ano, as a\u00e7\u00f5es de fiscaliza\u00e7\u00f5es de normas trabalhistas e de seguran\u00e7a e sa\u00fade no trabalho levaram ao resgate de 508 trabalhadores em condi\u00e7\u00f5es an\u00e1logas \u00e0s de escravo.<\/p>\n<p>\u201cNo tempo, a base institucional do mundo do trabalho ampliou-se, com a Justi\u00e7a especializada do Trabalho e o Minist\u00e9rio P\u00fablico do Trabalho. Agora vemos com alegria e esperan\u00e7a um Minist\u00e9rio do Trabalho fortalecido por in\u00fameras iniciativas a favor do Brasil\u201d, disse.<\/p>\n<p>Entre as iniciativas, o ministro destacou ainda o consignado com o Fundo de Garantia por Tempo de Servi\u00e7o (FGTS) para o trabalhador; a Escola do Trabalhador, com cursos \u00e0 dist\u00e2ncia; o conselho e o F\u00f3rum Nacional de Microcr\u00e9dito; a regulamenta\u00e7\u00e3o da Lei de Imigra\u00e7\u00e3o e a normatiza\u00e7\u00e3o da profiss\u00e3o dos m\u00fasicos e artistas; al\u00e9m dos investimentos com recursos do Fundo de Amparo do Trabalhador (FAT) e do FGTS, que, nos \u00faltimos dez anos, lan\u00e7ou na economia R$ 1,235 trilh\u00e3o.<\/p>\n<p>Em Bras\u00edlia, os servidores participaram de uma missa campal na \u00e1rea externa do edif\u00edcio-sede do minist\u00e9rio, na Esplanada dos Minist\u00e9rios. Como parte das comemora\u00e7\u00f5es, hoje \u00e0 tarde, Mello entrega a Medalha da Ordem do M\u00e9rito do Trabalho Get\u00falio Vargas aos servidores do minist\u00e9rio agraciados no grau de Cavaleiro. Na \u00faltima sexta-feira, 23, tamb\u00e9m houve a entrega de men\u00e7\u00e3o elogiosa aos servidores que se destacaram pelo desempenho em suas atividades.<\/p>\n<p>At\u00e9 a cria\u00e7\u00e3o do Minist\u00e9rio do Trabalho, os assuntos relacionados ao mundo do trabalho eram tratados pelo Minist\u00e9rio da Agricultura.<\/p>\n<p><em>Fonte: Ag\u00eancia Brasil<\/em><\/p>\n","protected":false},"excerpt":{"rendered":"<p>Servidores das 27 superintend\u00eancias regionais do Trabalho espalhadas pelo pa\u00eds celebram nesta segunda-feira, 26, os 88 anos Minist\u00e9rio do Trabalho. O \u00f3rg\u00e3o foi criado em 26 de novembro de 1930, como uma das primeiras iniciativas do governo de Get\u00falio Vargas. Em mensagem pelo anivers\u00e1rio da pasta, Mello lembrou que, em 1943, o minist\u00e9rio coordenou a [&hellip;]<\/p>\n","protected":false},"author":96,"featured_media":0,"comment_status":"closed","ping_status":"closed","sticky":false,"template":"","format":"standard","meta":{"footnotes":""},"categories":[302,439],"tags":[],"class_list":["post-126569","post","type-post","status-publish","format-standard","hentry","category-brasil-mundo","category-ultima-hora"],"_links":{"self":[{"href":"https:\/\/diarioregionaldigital.com.br\/index.php?rest_route=\/wp\/v2\/posts\/126569","targetHints":{"allow":["GET"]}}],"collection":[{"href":"https:\/\/diarioregionaldigital.com.br\/index.php?rest_route=\/wp\/v2\/posts"}],"about":[{"href":"https:\/\/diarioregionaldigital.com.br\/index.php?rest_route=\/wp\/v2\/types\/post"}],"author":[{"embeddable":true,"href":"https:\/\/diarioregionaldigital.com.br\/index.php?rest_route=\/wp\/v2\/users\/96"}],"replies":[{"embeddable":true,"href":"https:\/\/diarioregionaldigital.com.br\/index.php?rest_route=%2Fwp%2Fv2%2Fcomments&post=126569"}],"version-history":[{"count":0,"href":"https:\/\/diarioregionaldigital.com.br\/index.php?rest_route=\/wp\/v2\/posts\/126569\/revisions"}],"wp:attachment":[{"href":"https:\/\/diarioregionaldigital.com.br\/index.php?rest_route=%2Fwp%2Fv2%2Fmedia&parent=126569"}],"wp:term":[{"taxonomy":"category","embeddable":true,"href":"https:\/\/diarioregionaldigital.com.br\/index.php?rest_route=%2Fwp%2Fv2%2Fcategories&post=126569"},{"taxonomy":"post_tag","embeddable":true,"href":"https:\/\/diarioregionaldigital.com.br\/index.php?rest_route=%2Fwp%2Fv2%2Ftags&post=126569"}],"curies":[{"name":"wp","href":"https:\/\/api.w.org\/{rel}","templated":true}]}}