{"id":126566,"date":"2018-11-26T11:30:12","date_gmt":"2018-11-26T13:30:12","guid":{"rendered":"https:\/\/diarioregionaldigital.com.br\/?p=126566"},"modified":"2018-11-26T11:30:12","modified_gmt":"2018-11-26T13:30:12","slug":"carlos-alberto-dos-santos-cruz-e-escolhido-novo-secretario-de-governo","status":"publish","type":"post","link":"https:\/\/diarioregionaldigital.com.br\/?p=126566","title":{"rendered":"Carlos Alberto dos Santos Cruz \u00e9 escolhido novo secret\u00e1rio de governo"},"content":{"rendered":"<p>O presidente eleito, Jair Bolsonaro, anunciou nesta segunda-feira, 26, o general-de-divis\u00e3o Carlos Alberto dos Santos Cruz como novo secret\u00e1rio de governo. O cargo tem status de minist\u00e9rio. O oficial ir\u00e1 assumir a fun\u00e7\u00e3o que hoje \u00e9 desempenhada pelo deputado Carlos Marun (PMDB-MS).<\/p>\n<p>A principal miss\u00e3o de Cruz ser\u00e1 a articula\u00e7\u00e3o com o Congresso Nacional e com partidos pol\u00edticos e o di\u00e1logo com estados e munic\u00edpios. \u00c9 tamb\u00e9m atrav\u00e9s da Secretaria de Governo que o futuro presidente estabelecer\u00e1 rela\u00e7\u00f5es com organiza\u00e7\u00f5es civis e entidades representativas da juventude.<\/p>\n<p>Fonte: Ag\u00eancia Brasil<\/p>\n","protected":false},"excerpt":{"rendered":"<p>O presidente eleito, Jair Bolsonaro, anunciou nesta segunda-feira, 26, o general-de-divis\u00e3o Carlos Alberto dos Santos Cruz como novo secret\u00e1rio de governo. O cargo tem status de minist\u00e9rio. O oficial ir\u00e1 assumir a fun\u00e7\u00e3o que hoje \u00e9 desempenhada pelo deputado Carlos Marun (PMDB-MS). A principal miss\u00e3o de Cruz ser\u00e1 a articula\u00e7\u00e3o com o Congresso Nacional e [&hellip;]<\/p>\n","protected":false},"author":96,"featured_media":0,"comment_status":"closed","ping_status":"closed","sticky":false,"template":"","format":"standard","meta":{"footnotes":""},"categories":[254,439],"tags":[],"class_list":["post-126566","post","type-post","status-publish","format-standard","hentry","category-politica","category-ultima-hora"],"_links":{"self":[{"href":"https:\/\/diarioregionaldigital.com.br\/index.php?rest_route=\/wp\/v2\/posts\/126566","targetHints":{"allow":["GET"]}}],"collection":[{"href":"https:\/\/diarioregionaldigital.com.br\/index.php?rest_route=\/wp\/v2\/posts"}],"about":[{"href":"https:\/\/diarioregionaldigital.com.br\/index.php?rest_route=\/wp\/v2\/types\/post"}],"author":[{"embeddable":true,"href":"https:\/\/diarioregionaldigital.com.br\/index.php?rest_route=\/wp\/v2\/users\/96"}],"replies":[{"embeddable":true,"href":"https:\/\/diarioregionaldigital.com.br\/index.php?rest_route=%2Fwp%2Fv2%2Fcomments&post=126566"}],"version-history":[{"count":0,"href":"https:\/\/diarioregionaldigital.com.br\/index.php?rest_route=\/wp\/v2\/posts\/126566\/revisions"}],"wp:attachment":[{"href":"https:\/\/diarioregionaldigital.com.br\/index.php?rest_route=%2Fwp%2Fv2%2Fmedia&parent=126566"}],"wp:term":[{"taxonomy":"category","embeddable":true,"href":"https:\/\/diarioregionaldigital.com.br\/index.php?rest_route=%2Fwp%2Fv2%2Fcategories&post=126566"},{"taxonomy":"post_tag","embeddable":true,"href":"https:\/\/diarioregionaldigital.com.br\/index.php?rest_route=%2Fwp%2Fv2%2Ftags&post=126566"}],"curies":[{"name":"wp","href":"https:\/\/api.w.org\/{rel}","templated":true}]}}