{"id":126563,"date":"2018-11-26T11:23:28","date_gmt":"2018-11-26T13:23:28","guid":{"rendered":"https:\/\/diarioregionaldigital.com.br\/?p=126563"},"modified":"2018-11-26T11:23:28","modified_gmt":"2018-11-26T13:23:28","slug":"bolsonaro-descarta-revalida-para-medicos-formados-no-brasil","status":"publish","type":"post","link":"https:\/\/diarioregionaldigital.com.br\/?p=126563","title":{"rendered":"Bolsonaro descarta Revalida para m\u00e9dicos formados no Brasil"},"content":{"rendered":"<p>O presidente eleito, Jair Bolsonaro, descartou neste domingo, 25, a possibilidade de submeter os m\u00e9dicos brasileiros ao Revalida \u2013 prova de avalia\u00e7\u00e3o e qualifica\u00e7\u00e3o exigida para os profissionais formados fora do Brasil. Segundo ele, a hip\u00f3tese n\u00e3o \u00e9 considerada. Tamb\u00e9m criticou a prova realizada pela Ordem dos Advogados do Brasil (OAB) aos rec\u00e9m-formados para que tenham o n\u00famero da entidade.<\/p>\n<p>&#8220;Eu sou contra o Revalida para os m\u00e9dicos brasileiros, sen\u00e3o vai desaguar na mesma situa\u00e7\u00e3o que acontece na OAB. N\u00e3o podemos formar jovens e depois submet\u00ea-los a ser boys de luxo em escrit\u00f3rios de advocacia&#8221;, afirmou o presidente eleito.<\/p>\n<p>A afirma\u00e7\u00e3o de Bolsonaro ocorreu depois de ele participar de almo\u00e7o na Escola de Educa\u00e7\u00e3o F\u00edsica do Ex\u00e9rcito, na Urca, no Rio de Janeiro, para participar do 10\u00ba Encontro do Cal\u00e7\u00e3o Preto, que re\u00fane antigos e atuais comandantes, professores e monitores da escola.<\/p>\n<h3><strong>Hist\u00f3rico<\/strong><\/h3>\n<p>Em entrevista ao jornal <em>O Globo<\/em>, o deputado federal Luiz Henrique Mandetta, confirmado para o Minist\u00e9rio da Sa\u00fade, defendeu a aplica\u00e7\u00e3o do exame Revalida para os m\u00e9dicos brasileiros, nos moldes do que ocorre com os profissionais da OAB. Segundo ele, seria um bom exemplo uma recertifica\u00e7\u00e3o ap\u00f3s cinco anos da formatura.<\/p>\n<p>Para Mandetta, o sistema que observa a atua\u00e7\u00e3o m\u00e9dica dos profissionais que trabalham no Brasil \u00e9 \u201cum dos modelos de fiscaliza\u00e7\u00e3o do exerc\u00edcio profissional mais fr\u00e1geis do mundo\u201d.<\/p>\n<h3><strong>Indica\u00e7\u00f5es<\/strong><\/h3>\n<p>No Rio, Bolsonaro reafirmou a disposi\u00e7\u00e3o de concluir a montagem de sua equipe ministerial at\u00e9 a pr\u00f3xima semana. Ele disse que negocia com as bancadas e n\u00e3o com os partidos. S\u00e3o aguardadas defini\u00e7\u00f5es para os minist\u00e9rios do Meio Ambiente, da Cultura, do Esporte, dos Direitos Humanos, Minorias e Mulheres.<\/p>\n<p>&#8220;Estamos escolhendo o melhor, conversando com as bancadas e n\u00e3o com os partidos, de forma independente, e isenta. Que sejam [pessoas] honestas e pensem no Brasil e n\u00e3o na agremia\u00e7\u00e3o partid\u00e1ria.&#8221;<\/p>\n<h3><strong>Vota\u00e7\u00f5es<\/strong><\/h3>\n<p>Bolsonaro reiterou a import\u00e2ncia de o Congresso Nacional votar temas de relev\u00e2ncia. Segundo ele, o empenho n\u00e3o \u00e9 para o presidente da Rep\u00fablica ou o Parlamento, mas para o pa\u00eds.<\/p>\n<p>&#8220;[As vota\u00e7\u00f5es] s\u00e3o para o pa\u00eds e a\u00ed vai da consci\u00eancia de cada um. Eu decidi, h\u00e1 quatro anos, quando iniciei a minha campanha, fazer uma pol\u00edtica diferente. Se vai dar certo, espero que sim. A mesma \u00e9 que daria errado.&#8221;<\/p>\n<h3><strong>Jogo<\/strong><\/h3>\n<p>Mesmo f\u00e3 de futebol, o presidente eleito resolveu desistir de assistir ao jogo do \u00a0Palmeira com o Vasco, hoje no S\u00e3o Janu\u00e1rio. Ele disse ter sido desaconselhado a ir ao est\u00e1dio. &#8220;Vou ver em casa mesmo e torcer pelo empate.&#8221;<\/p>\n<p>Bolsonaro tamb\u00e9m afirmou que segue as orienta\u00e7\u00f5es m\u00e9dicas \u00e0 risca, embora tenha reconhecido que ficou aborrecido com o adiamento da cirurgia para a retirada da bolsa de colostomia para 20 de janeiro de 2019.<\/p>\n<p>O presidente eleito disse que pretende ir a Bras\u00edlia nesta ter\u00e7a-feira, 27, e retornar no dia 28 para o Rio de Janeiro.<\/p>\n<p><em>Fonte: Ag\u00eancia Brasil<\/em><\/p>\n","protected":false},"excerpt":{"rendered":"<p>O presidente eleito, Jair Bolsonaro, descartou neste domingo, 25, a possibilidade de submeter os m\u00e9dicos brasileiros ao Revalida \u2013 prova de avalia\u00e7\u00e3o e qualifica\u00e7\u00e3o exigida para os profissionais formados fora do Brasil. Segundo ele, a hip\u00f3tese n\u00e3o \u00e9 considerada. Tamb\u00e9m criticou a prova realizada pela Ordem dos Advogados do Brasil (OAB) aos rec\u00e9m-formados para que [&hellip;]<\/p>\n","protected":false},"author":96,"featured_media":0,"comment_status":"closed","ping_status":"closed","sticky":false,"template":"","format":"standard","meta":{"footnotes":""},"categories":[254,439],"tags":[],"class_list":["post-126563","post","type-post","status-publish","format-standard","hentry","category-politica","category-ultima-hora"],"_links":{"self":[{"href":"https:\/\/diarioregionaldigital.com.br\/index.php?rest_route=\/wp\/v2\/posts\/126563","targetHints":{"allow":["GET"]}}],"collection":[{"href":"https:\/\/diarioregionaldigital.com.br\/index.php?rest_route=\/wp\/v2\/posts"}],"about":[{"href":"https:\/\/diarioregionaldigital.com.br\/index.php?rest_route=\/wp\/v2\/types\/post"}],"author":[{"embeddable":true,"href":"https:\/\/diarioregionaldigital.com.br\/index.php?rest_route=\/wp\/v2\/users\/96"}],"replies":[{"embeddable":true,"href":"https:\/\/diarioregionaldigital.com.br\/index.php?rest_route=%2Fwp%2Fv2%2Fcomments&post=126563"}],"version-history":[{"count":0,"href":"https:\/\/diarioregionaldigital.com.br\/index.php?rest_route=\/wp\/v2\/posts\/126563\/revisions"}],"wp:attachment":[{"href":"https:\/\/diarioregionaldigital.com.br\/index.php?rest_route=%2Fwp%2Fv2%2Fmedia&parent=126563"}],"wp:term":[{"taxonomy":"category","embeddable":true,"href":"https:\/\/diarioregionaldigital.com.br\/index.php?rest_route=%2Fwp%2Fv2%2Fcategories&post=126563"},{"taxonomy":"post_tag","embeddable":true,"href":"https:\/\/diarioregionaldigital.com.br\/index.php?rest_route=%2Fwp%2Fv2%2Ftags&post=126563"}],"curies":[{"name":"wp","href":"https:\/\/api.w.org\/{rel}","templated":true}]}}