{"id":126560,"date":"2018-11-26T11:13:59","date_gmt":"2018-11-26T13:13:59","guid":{"rendered":"https:\/\/diarioregionaldigital.com.br\/?p=126560"},"modified":"2018-11-26T11:13:59","modified_gmt":"2018-11-26T13:13:59","slug":"camara-mirim-encerra-edicao-2018-e-faz-entrega-de-documento-a-camara","status":"publish","type":"post","link":"https:\/\/diarioregionaldigital.com.br\/?p=126560","title":{"rendered":"C\u00e2mara Mirim encerra edi\u00e7\u00e3o 2018 e faz entrega de documento \u00e0 C\u00e2mara"},"content":{"rendered":"<p>A cerim\u00f4nia de encerramento da C\u00e2mara Mirim 2018 aconteceu nesta sexta-feira, 23, com a entrega do documento das propostas debatidas e avaliadas pelos estudantes durante suas atividades ao presidente da C\u00e2mara Municipal, vereador Rodrigo Mattos (PHS). O objetivo da C\u00e2mara Mirim \u00e9 incentivar a participa\u00e7\u00e3o dos alunos no desenvolvimento de trabalhos democr\u00e1ticos na sociedade.<\/p>\n<p>O tema abordado este ano pelas 12 escolas participantes foi \u201cPessoas em Situa\u00e7\u00e3o de Rua\u201d. Eles trabalharam com dois subtemas e apenas seis recomenda\u00e7\u00f5es foram escolhidas pelos estudantes e entregues durante a cerim\u00f4nia de encerramento que contou com a participa\u00e7\u00e3o do coral da Escola Municipal Henrique Jos\u00e9 de Souza.<\/p>\n<p>O representante das escolas participantes, o aluno Gustavo Silveira Santos Nascimento, ressaltou que este \u00e9 um trabalho de crescimento para todos os alunos. \u201c\u00c9 de extrema import\u00e2ncia debatermos a pol\u00edtica do nosso munic\u00edpio. \u00c9 uma forma de exercer o nosso dever como cidad\u00e3o\u201d.<\/p>\n<p>O professor do departamento de Ci\u00eancias Sociais da Universidade Federal de Juiz de Fora (UFJF), Jorge Chaloub, lembrou que o dever do cidad\u00e3o vai muito al\u00e9m do simples ato de votar. \u201cTodos temos a capacidade de debater a pol\u00edtica com as pessoas com as quais vivemos, assim podemos saber o melhor para o nosso cotidiano. A democracia \u00e9 uma forma de vida e participa\u00e7\u00e3o\u201d, concluiu.<\/p>\n<p>O coordenador da C\u00e2mara Mirim, soci\u00f3logo S\u00e9rgio Dutra, destacou que o projeto nasceu em 2009 e desde ent\u00e3o tem contribu\u00eddo de formas diferentes para o futuro da gera\u00e7\u00e3o e do munic\u00edpio e que as parcerias com a UFJF tem sido um diferencial nos \u00faltimos anos.<\/p>\n<p>O presidente da C\u00e2mara Municipal, vereador Rodrigo Mattos (PHS), destacou que s\u00e3o nove anos de projeto e participa\u00e7\u00e3o ativa dos estudantes. \u201cAtrav\u00e9s deste trabalho iremos colher frutos no futuro. O tema \u201cPessoas em Situa\u00e7\u00e3o de Rua\u201d \u00e9 importante ser trabalhado, pois \u00e9 desta forma que poderemos debater e melhorar a qualidade de vida destas pessoas\u201d, disse.<\/p>\n<p>O vereador Adriano Miranda (PHS) tamb\u00e9m esteve presente no encerramento da C\u00e2mara Mirim. As escolas participantes na edi\u00e7\u00e3o 2018 da C\u00e2mara Mirim foram: Escola Municipal \u00c1urea Bicalho,Centro de Integra\u00e7\u00e3o Interativa(CEI), Col\u00e9gio Apogeu, Col\u00e9gio Vianna J\u00fanior, Col\u00e9gio dos Jesu\u00edtas, Escola Municipal Uni\u00e3o da Bet\u00e2nia, Escola Municipal Rocha Pombo, Escola Municipal Belmira Duarte Dias, Escola Municipal Doutor Paulo Japyassu, Escola Municipal Henrique Jos\u00e9 de Souza, Escola Municipal Dr Adhemar Rezende de Andrade e Escola Municipal Marcos Freesz.<\/p>\n<p><em>Fonte: Assessoria<\/em><\/p>\n","protected":false},"excerpt":{"rendered":"<p>A cerim\u00f4nia de encerramento da C\u00e2mara Mirim 2018 aconteceu nesta sexta-feira, 23, com a entrega do documento das propostas debatidas e avaliadas pelos estudantes durante suas atividades ao presidente da C\u00e2mara Municipal, vereador Rodrigo Mattos (PHS). O objetivo da C\u00e2mara Mirim \u00e9 incentivar a participa\u00e7\u00e3o dos alunos no desenvolvimento de trabalhos democr\u00e1ticos na sociedade. O [&hellip;]<\/p>\n","protected":false},"author":96,"featured_media":0,"comment_status":"closed","ping_status":"closed","sticky":false,"template":"","format":"standard","meta":{"footnotes":""},"categories":[253,439],"tags":[],"class_list":["post-126560","post","type-post","status-publish","format-standard","hentry","category-cidade","category-ultima-hora"],"_links":{"self":[{"href":"https:\/\/diarioregionaldigital.com.br\/index.php?rest_route=\/wp\/v2\/posts\/126560","targetHints":{"allow":["GET"]}}],"collection":[{"href":"https:\/\/diarioregionaldigital.com.br\/index.php?rest_route=\/wp\/v2\/posts"}],"about":[{"href":"https:\/\/diarioregionaldigital.com.br\/index.php?rest_route=\/wp\/v2\/types\/post"}],"author":[{"embeddable":true,"href":"https:\/\/diarioregionaldigital.com.br\/index.php?rest_route=\/wp\/v2\/users\/96"}],"replies":[{"embeddable":true,"href":"https:\/\/diarioregionaldigital.com.br\/index.php?rest_route=%2Fwp%2Fv2%2Fcomments&post=126560"}],"version-history":[{"count":0,"href":"https:\/\/diarioregionaldigital.com.br\/index.php?rest_route=\/wp\/v2\/posts\/126560\/revisions"}],"wp:attachment":[{"href":"https:\/\/diarioregionaldigital.com.br\/index.php?rest_route=%2Fwp%2Fv2%2Fmedia&parent=126560"}],"wp:term":[{"taxonomy":"category","embeddable":true,"href":"https:\/\/diarioregionaldigital.com.br\/index.php?rest_route=%2Fwp%2Fv2%2Fcategories&post=126560"},{"taxonomy":"post_tag","embeddable":true,"href":"https:\/\/diarioregionaldigital.com.br\/index.php?rest_route=%2Fwp%2Fv2%2Ftags&post=126560"}],"curies":[{"name":"wp","href":"https:\/\/api.w.org\/{rel}","templated":true}]}}