{"id":126557,"date":"2018-11-26T11:09:54","date_gmt":"2018-11-26T13:09:54","guid":{"rendered":"https:\/\/diarioregionaldigital.com.br\/?p=126557"},"modified":"2018-11-26T11:09:54","modified_gmt":"2018-11-26T13:09:54","slug":"confianca-do-consumidor-sobe-e-atinge-maior-nivel-desde-julho-de-2014","status":"publish","type":"post","link":"https:\/\/diarioregionaldigital.com.br\/?p=126557","title":{"rendered":"Confian\u00e7a do consumidor sobe e atinge maior n\u00edvel desde julho de 2014"},"content":{"rendered":"<p>O \u00cdndice de Confian\u00e7a do Consumidor (ICC), medido pela Funda\u00e7\u00e3o Getulio Vargas (FGV), avan\u00e7ou 7,1 pontos de outubro para novembro. Com isso, atingiu 93,2 pontos, em uma escala de zero a 200 pontos, o maior n\u00edvel desde julho de 2014 (93,8).<\/p>\n<p>Essa foi a segunda alta consecutiva do ICC, que acumula alta de 11,1 pontos no bimestre outubro-novembro, a maior da s\u00e9rie hist\u00f3rica iniciada em setembro de 2005.<\/p>\n<p>Em novembro, os consumidores est\u00e3o mais otimistas em rela\u00e7\u00e3o tanto ao presente quanto aos pr\u00f3ximos meses. O \u00cdndice de Situa\u00e7\u00e3o Atual subiu 2,7 pontos, indo para 74,6 pontos, maior n\u00edvel desde maio (77,2).<\/p>\n<p>J\u00e1 o \u00cdndice de Expectativas cresceu 9,8 pontos e chegou a 106,4 pontos, o maior n\u00edvel desde fevereiro de 2013 (106,7 pontos).<\/p>\n<p>De acordo com a coordenadora da pesquisa, Viviane Seda, depois de um per\u00edodo de desconfian\u00e7a, os consumidores voltaram a ficar otimistas em rela\u00e7\u00e3o \u00e0s perspectivas econ\u00f4micas do pa\u00eds, \u00e0s finan\u00e7as familiares e ao emprego. Tamb\u00e9m est\u00e3o menos insatisfeitos com o presente.<\/p>\n<p><em>Fonte: Ag\u00eancia Brasil<\/em><\/p>\n","protected":false},"excerpt":{"rendered":"<p>O \u00cdndice de Confian\u00e7a do Consumidor (ICC), medido pela Funda\u00e7\u00e3o Getulio Vargas (FGV), avan\u00e7ou 7,1 pontos de outubro para novembro. Com isso, atingiu 93,2 pontos, em uma escala de zero a 200 pontos, o maior n\u00edvel desde julho de 2014 (93,8). Essa foi a segunda alta consecutiva do ICC, que acumula alta de 11,1 pontos [&hellip;]<\/p>\n","protected":false},"author":96,"featured_media":0,"comment_status":"closed","ping_status":"closed","sticky":false,"template":"","format":"standard","meta":{"footnotes":""},"categories":[261,439],"tags":[],"class_list":["post-126557","post","type-post","status-publish","format-standard","hentry","category-economia","category-ultima-hora"],"_links":{"self":[{"href":"https:\/\/diarioregionaldigital.com.br\/index.php?rest_route=\/wp\/v2\/posts\/126557","targetHints":{"allow":["GET"]}}],"collection":[{"href":"https:\/\/diarioregionaldigital.com.br\/index.php?rest_route=\/wp\/v2\/posts"}],"about":[{"href":"https:\/\/diarioregionaldigital.com.br\/index.php?rest_route=\/wp\/v2\/types\/post"}],"author":[{"embeddable":true,"href":"https:\/\/diarioregionaldigital.com.br\/index.php?rest_route=\/wp\/v2\/users\/96"}],"replies":[{"embeddable":true,"href":"https:\/\/diarioregionaldigital.com.br\/index.php?rest_route=%2Fwp%2Fv2%2Fcomments&post=126557"}],"version-history":[{"count":0,"href":"https:\/\/diarioregionaldigital.com.br\/index.php?rest_route=\/wp\/v2\/posts\/126557\/revisions"}],"wp:attachment":[{"href":"https:\/\/diarioregionaldigital.com.br\/index.php?rest_route=%2Fwp%2Fv2%2Fmedia&parent=126557"}],"wp:term":[{"taxonomy":"category","embeddable":true,"href":"https:\/\/diarioregionaldigital.com.br\/index.php?rest_route=%2Fwp%2Fv2%2Fcategories&post=126557"},{"taxonomy":"post_tag","embeddable":true,"href":"https:\/\/diarioregionaldigital.com.br\/index.php?rest_route=%2Fwp%2Fv2%2Ftags&post=126557"}],"curies":[{"name":"wp","href":"https:\/\/api.w.org\/{rel}","templated":true}]}}