{"id":126553,"date":"2018-11-26T11:00:34","date_gmt":"2018-11-26T13:00:34","guid":{"rendered":"https:\/\/diarioregionaldigital.com.br\/?p=126553"},"modified":"2018-11-26T11:03:33","modified_gmt":"2018-11-26T13:03:33","slug":"homem-arromba-e-furta-igreja-em-leopoldina","status":"publish","type":"post","link":"https:\/\/diarioregionaldigital.com.br\/?p=126553","title":{"rendered":"Homem arromba e furta Igreja em Leopoldina"},"content":{"rendered":"<p>A Igreja do Ros\u00e1rio, em Leopoldina, foi arrombada e furtada na madrugada deste s\u00e1bado, 24 de novembro. Foram levados aproximadamente R$400,00 em dinheiro e danificadas portas e um cofre. A Pol\u00edcia Militar foi acionada a registrou a ocorr\u00eancia.<\/p>\n<p>De acordo com informa\u00e7\u00f5es da Pol\u00edcia Militar, o suspeito teria sido visto pouco antes da missa de sexta-feira a noite e, posteriormente, na madrugada do s\u00e1bado, teria voltado e arrombado a porta lateral da Igreja e, na sequ\u00eancia, um cofre da imagem de Nossa Senhora Aparecida. Depois arrebentou a porta da Sacristia e da Secretaria.<\/p>\n<p>O Padre Marcelo S\u00e9rgio Barros, P\u00e1roco daquela Igreja, comentou sua tristeza em rela\u00e7\u00e3o ao fato. &#8220;Fiquei triste n\u00e3o pelo valor levado, mas porque sendo a Igreja a m\u00e3e da caridade, que procura ajudar a todos, ser desrespeitada como foi&#8221;, disse.<\/p>\n<p>A Per\u00edcia foi acionada e as imagens do circuito interno de vigil\u00e2ncia seriam encaminhadas para a Delegacia de Pol\u00edcia Civil de Leopoldina.<\/p>\n<p><em>Fonte: Marcelo Lopes<\/em><\/p>\n","protected":false},"excerpt":{"rendered":"<p>A Igreja do Ros\u00e1rio, em Leopoldina, foi arrombada e furtada na madrugada deste s\u00e1bado, 24 de novembro. Foram levados aproximadamente R$400,00 em dinheiro e danificadas portas e um cofre. A Pol\u00edcia Militar foi acionada a registrou a ocorr\u00eancia. De acordo com informa\u00e7\u00f5es da Pol\u00edcia Militar, o suspeito teria sido visto pouco antes da missa de [&hellip;]<\/p>\n","protected":false},"author":96,"featured_media":0,"comment_status":"closed","ping_status":"closed","sticky":false,"template":"","format":"standard","meta":{"footnotes":""},"categories":[252,439],"tags":[],"class_list":["post-126553","post","type-post","status-publish","format-standard","hentry","category-regiao","category-ultima-hora"],"_links":{"self":[{"href":"https:\/\/diarioregionaldigital.com.br\/index.php?rest_route=\/wp\/v2\/posts\/126553","targetHints":{"allow":["GET"]}}],"collection":[{"href":"https:\/\/diarioregionaldigital.com.br\/index.php?rest_route=\/wp\/v2\/posts"}],"about":[{"href":"https:\/\/diarioregionaldigital.com.br\/index.php?rest_route=\/wp\/v2\/types\/post"}],"author":[{"embeddable":true,"href":"https:\/\/diarioregionaldigital.com.br\/index.php?rest_route=\/wp\/v2\/users\/96"}],"replies":[{"embeddable":true,"href":"https:\/\/diarioregionaldigital.com.br\/index.php?rest_route=%2Fwp%2Fv2%2Fcomments&post=126553"}],"version-history":[{"count":0,"href":"https:\/\/diarioregionaldigital.com.br\/index.php?rest_route=\/wp\/v2\/posts\/126553\/revisions"}],"wp:attachment":[{"href":"https:\/\/diarioregionaldigital.com.br\/index.php?rest_route=%2Fwp%2Fv2%2Fmedia&parent=126553"}],"wp:term":[{"taxonomy":"category","embeddable":true,"href":"https:\/\/diarioregionaldigital.com.br\/index.php?rest_route=%2Fwp%2Fv2%2Fcategories&post=126553"},{"taxonomy":"post_tag","embeddable":true,"href":"https:\/\/diarioregionaldigital.com.br\/index.php?rest_route=%2Fwp%2Fv2%2Ftags&post=126553"}],"curies":[{"name":"wp","href":"https:\/\/api.w.org\/{rel}","templated":true}]}}