{"id":126550,"date":"2018-11-26T10:56:32","date_gmt":"2018-11-26T12:56:32","guid":{"rendered":"https:\/\/diarioregionaldigital.com.br\/?p=126550"},"modified":"2018-11-26T10:56:32","modified_gmt":"2018-11-26T12:56:32","slug":"encontrado-corpo-do-menino-que-desapareceu-no-rio-pomba","status":"publish","type":"post","link":"https:\/\/diarioregionaldigital.com.br\/?p=126550","title":{"rendered":"Encontrado corpo do menino que desapareceu no rio Pomba"},"content":{"rendered":"<p>O corpo do menino, de 6 anos de idade, foi encontrado por volta das 9 horas desta segunda-feira, 26 de novembro, a poucos metros de onde aconteceu o acidente. Ele desapareceu nas \u00e1guas do rio Pomba enquanto nadava na regi\u00e3o da Prainha, no Bairro Ana Carrara, em Cataguases, no \u00faltimo s\u00e1bado, 24. Segundo o Corpo de Bombeiros Militar, que coordena as a\u00e7\u00f5es de buscas, o garoto se afogou enquanto brincava com colegas no leito do rio.<\/p>\n<p>Logo ap\u00f3s o fato, equipes da Defesa Civil, Bombeiros Militar e tamb\u00e9m Bombeiros Civis iniciaram as buscas pelo garoto. Neste domingo, o trabalho foi intensificado com varreduras na superf\u00edcie devido \u00e0s condi\u00e7\u00f5es desfavor\u00e1veis da \u00e1gua para mergulho, e foram suspensas no in\u00edcio daquela noite, sem sucesso.<\/p>\n<p>Nesta segunda-feira, 26, pouco tempo depois dos trabalhos recome\u00e7arem o garoto foi visto por populares em uma das margens do rio. Agora, a Per\u00edcia da Pol\u00edcia Civil vai comparecer no local para fazer seu trabalho de praxe e, em seguida, vai liberar o corpo para o IML. Ainda n\u00e3o h\u00e1 informa\u00e7\u00f5es sobre o sepultamento.<\/p>\n<p><em>Fonte: Marcelo Lopes<\/em><\/p>\n","protected":false},"excerpt":{"rendered":"<p>O corpo do menino, de 6 anos de idade, foi encontrado por volta das 9 horas desta segunda-feira, 26 de novembro, a poucos metros de onde aconteceu o acidente. Ele desapareceu nas \u00e1guas do rio Pomba enquanto nadava na regi\u00e3o da Prainha, no Bairro Ana Carrara, em Cataguases, no \u00faltimo s\u00e1bado, 24. Segundo o Corpo [&hellip;]<\/p>\n","protected":false},"author":96,"featured_media":0,"comment_status":"closed","ping_status":"closed","sticky":false,"template":"","format":"standard","meta":{"footnotes":""},"categories":[252,439],"tags":[],"class_list":["post-126550","post","type-post","status-publish","format-standard","hentry","category-regiao","category-ultima-hora"],"_links":{"self":[{"href":"https:\/\/diarioregionaldigital.com.br\/index.php?rest_route=\/wp\/v2\/posts\/126550","targetHints":{"allow":["GET"]}}],"collection":[{"href":"https:\/\/diarioregionaldigital.com.br\/index.php?rest_route=\/wp\/v2\/posts"}],"about":[{"href":"https:\/\/diarioregionaldigital.com.br\/index.php?rest_route=\/wp\/v2\/types\/post"}],"author":[{"embeddable":true,"href":"https:\/\/diarioregionaldigital.com.br\/index.php?rest_route=\/wp\/v2\/users\/96"}],"replies":[{"embeddable":true,"href":"https:\/\/diarioregionaldigital.com.br\/index.php?rest_route=%2Fwp%2Fv2%2Fcomments&post=126550"}],"version-history":[{"count":0,"href":"https:\/\/diarioregionaldigital.com.br\/index.php?rest_route=\/wp\/v2\/posts\/126550\/revisions"}],"wp:attachment":[{"href":"https:\/\/diarioregionaldigital.com.br\/index.php?rest_route=%2Fwp%2Fv2%2Fmedia&parent=126550"}],"wp:term":[{"taxonomy":"category","embeddable":true,"href":"https:\/\/diarioregionaldigital.com.br\/index.php?rest_route=%2Fwp%2Fv2%2Fcategories&post=126550"},{"taxonomy":"post_tag","embeddable":true,"href":"https:\/\/diarioregionaldigital.com.br\/index.php?rest_route=%2Fwp%2Fv2%2Ftags&post=126550"}],"curies":[{"name":"wp","href":"https:\/\/api.w.org\/{rel}","templated":true}]}}