{"id":126547,"date":"2018-11-26T10:47:53","date_gmt":"2018-11-26T12:47:53","guid":{"rendered":"https:\/\/diarioregionaldigital.com.br\/?p=126547"},"modified":"2018-11-26T10:47:53","modified_gmt":"2018-11-26T12:47:53","slug":"estimativa-para-a-inflacao-deste-ano-cai-de-413-para-394","status":"publish","type":"post","link":"https:\/\/diarioregionaldigital.com.br\/?p=126547","title":{"rendered":"Estimativa para a infla\u00e7\u00e3o deste ano cai de 4,13% para 3,94%"},"content":{"rendered":"<p>A estimativa de institui\u00e7\u00f5es financeiras para a infla\u00e7\u00e3o este ano caiu pela quinta vez seguida.<\/p>\n<p>De acordo com pesquisa do Banco Central (BC), divulgada nesta segunda-feira, 26, em Bras\u00edlia, o \u00cdndice Nacional de Pre\u00e7os ao Consumidor Amplo (IPCA \u2013 a infla\u00e7\u00e3o oficial do pa\u00eds) deve ficar em 3,94%. Na semana passada, a proje\u00e7\u00e3o estava em 4,13%.<\/p>\n<p>Para 2019, a proje\u00e7\u00e3o da infla\u00e7\u00e3o passou de 4,20% para 4,12%. N\u00e3o houve altera\u00e7\u00e3o na estimativa para 2020: 4%. Para 2021, passou de 3,90% para 3,86%.<\/p>\n<p>A meta de infla\u00e7\u00e3o, que deve ser perseguida pelo BC, \u00e9 4,5% este ano. Essa meta tem limite inferior de 3% e superior de 6%.<\/p>\n<p>Para 2019, a meta \u00e9 4,25% com intervalo de toler\u00e2ncia entre 2,75% e 5,75%. J\u00e1 para 2020, a meta \u00e9 4%, e, para 2021, 3,75%, com intervalo de toler\u00e2ncia de 1,5 ponto percentual para os dois anos (2,5% a 5,5% e 2,25% a 5,25%, respectivamente).<\/p>\n<h2>Taxa b\u00e1sica de juros<\/h2>\n<p>Para alcan\u00e7ar a meta de infla\u00e7\u00e3o, o Banco Central usa como instrumento a taxa b\u00e1sica de juros, a Selic, atualmente em 6,5% ao ano.<\/p>\n<p>Para o mercado financeiro, a Selic deve permanecer em 6,5% ao ano at\u00e9 o fim de 2018.<\/p>\n<p>Em 2019, a expectativa \u00e9 de aumento da taxa b\u00e1sica, terminando o per\u00edodo em 7,75% ao ano. A previs\u00e3o anterior era 8% ao ano. Para o t\u00e9rmino de 2020 e 2021, a expectativa segue em 8% ao ano.<\/p>\n<p>Quando o Comit\u00ea de Pol\u00edtica Monet\u00e1ria (Copom) aumenta a Selic, a meta \u00e9 conter a demanda aquecida, e isso causa reflexos nos pre\u00e7os porque os juros mais altos encarecem o cr\u00e9dito e estimulam a poupan\u00e7a.<\/p>\n<p>Quando o Copom diminui a Selic, a tend\u00eancia \u00e9 que o cr\u00e9dito fique mais barato, com incentivo \u00e0 produ\u00e7\u00e3o e ao consumo, reduzindo o controle da infla\u00e7\u00e3o.<\/p>\n<p>A manuten\u00e7\u00e3o da taxa b\u00e1sica de juros, como prev\u00ea o mercado financeiro este ano, indica que o Copom considera as altera\u00e7\u00f5es anteriores suficientes para chegar \u00e0 meta de infla\u00e7\u00e3o.<\/p>\n<h2>Crescimento econ\u00f4mico<\/h2>\n<p>As institui\u00e7\u00f5es financeiras ajustaram a estimativa para o crescimento do Produto Interno Bruto (PIB), soma de todos os bens e servi\u00e7os produzidos no pa\u00eds, de 1,36% para 1,39% em 2018.<\/p>\n<p>Para os pr\u00f3ximos tr\u00eas anos, a estimativa segue em 2,50% nos pr\u00f3ximos tr\u00eas anos.<\/p>\n<h2>D\u00f3lar a R$ 3,70<\/h2>\n<p>A expectativa para a cota\u00e7\u00e3o do d\u00f3lar segue em R$ 3,70 no fim deste ano, e passou R$ 3,76 para R$ 3,78, no t\u00e9rmino de 2019.<\/p>\n<p><em>Fonte: Ag\u00eancia Brasil<\/em><\/p>\n","protected":false},"excerpt":{"rendered":"<p>A estimativa de institui\u00e7\u00f5es financeiras para a infla\u00e7\u00e3o este ano caiu pela quinta vez seguida. De acordo com pesquisa do Banco Central (BC), divulgada nesta segunda-feira, 26, em Bras\u00edlia, o \u00cdndice Nacional de Pre\u00e7os ao Consumidor Amplo (IPCA \u2013 a infla\u00e7\u00e3o oficial do pa\u00eds) deve ficar em 3,94%. Na semana passada, a proje\u00e7\u00e3o estava em [&hellip;]<\/p>\n","protected":false},"author":96,"featured_media":0,"comment_status":"closed","ping_status":"closed","sticky":false,"template":"","format":"standard","meta":{"footnotes":""},"categories":[261,439],"tags":[],"class_list":["post-126547","post","type-post","status-publish","format-standard","hentry","category-economia","category-ultima-hora"],"_links":{"self":[{"href":"https:\/\/diarioregionaldigital.com.br\/index.php?rest_route=\/wp\/v2\/posts\/126547","targetHints":{"allow":["GET"]}}],"collection":[{"href":"https:\/\/diarioregionaldigital.com.br\/index.php?rest_route=\/wp\/v2\/posts"}],"about":[{"href":"https:\/\/diarioregionaldigital.com.br\/index.php?rest_route=\/wp\/v2\/types\/post"}],"author":[{"embeddable":true,"href":"https:\/\/diarioregionaldigital.com.br\/index.php?rest_route=\/wp\/v2\/users\/96"}],"replies":[{"embeddable":true,"href":"https:\/\/diarioregionaldigital.com.br\/index.php?rest_route=%2Fwp%2Fv2%2Fcomments&post=126547"}],"version-history":[{"count":0,"href":"https:\/\/diarioregionaldigital.com.br\/index.php?rest_route=\/wp\/v2\/posts\/126547\/revisions"}],"wp:attachment":[{"href":"https:\/\/diarioregionaldigital.com.br\/index.php?rest_route=%2Fwp%2Fv2%2Fmedia&parent=126547"}],"wp:term":[{"taxonomy":"category","embeddable":true,"href":"https:\/\/diarioregionaldigital.com.br\/index.php?rest_route=%2Fwp%2Fv2%2Fcategories&post=126547"},{"taxonomy":"post_tag","embeddable":true,"href":"https:\/\/diarioregionaldigital.com.br\/index.php?rest_route=%2Fwp%2Fv2%2Ftags&post=126547"}],"curies":[{"name":"wp","href":"https:\/\/api.w.org\/{rel}","templated":true}]}}