{"id":126538,"date":"2018-11-26T08:54:13","date_gmt":"2018-11-26T10:54:13","guid":{"rendered":"https:\/\/diarioregionaldigital.com.br\/?p=126538"},"modified":"2018-11-26T08:54:13","modified_gmt":"2018-11-26T10:54:13","slug":"policia-militar-apreende-arma-e-drogas-no-bairro-caicaras-ii","status":"publish","type":"post","link":"https:\/\/diarioregionaldigital.com.br\/?p=126538","title":{"rendered":"Pol\u00edcia Militar apreende arma e drogas no bairro Cai\u00e7aras II"},"content":{"rendered":"<p>Na tarde desse domingo, 25, a Pol\u00edcia Militar prendeu um homem, de 24 anos, por porte ilegal de arma de fogo em Juiz de Fora. O crime aconteceu no bairro Cai\u00e7aras II, na regi\u00e3o da Cidade Alta.<\/p>\n<p>Os policiais encontraram na estufa do fog\u00e3o da casa do autor, que fica na Rua B, um rev\u00f3lver calibre 38, mais de 12 minu\u00e7\u00f5es, uma bucha de maconha e um simulacro de arma de fogo.<\/p>\n<p>Todo o material foi apreendido e o homem preso.<\/p>\n","protected":false},"excerpt":{"rendered":"<p>Na tarde desse domingo, 25, a Pol\u00edcia Militar prendeu um homem, de 24 anos, por porte ilegal de arma de fogo em Juiz de Fora. O crime aconteceu no bairro Cai\u00e7aras II, na regi\u00e3o da Cidade Alta. Os policiais encontraram na estufa do fog\u00e3o da casa do autor, que fica na Rua B, um rev\u00f3lver [&hellip;]<\/p>\n","protected":false},"author":96,"featured_media":95836,"comment_status":"closed","ping_status":"closed","sticky":false,"template":"","format":"standard","meta":{"footnotes":""},"categories":[301],"tags":[],"class_list":["post-126538","post","type-post","status-publish","format-standard","has-post-thumbnail","hentry","category-artigos-policiais"],"_links":{"self":[{"href":"https:\/\/diarioregionaldigital.com.br\/index.php?rest_route=\/wp\/v2\/posts\/126538","targetHints":{"allow":["GET"]}}],"collection":[{"href":"https:\/\/diarioregionaldigital.com.br\/index.php?rest_route=\/wp\/v2\/posts"}],"about":[{"href":"https:\/\/diarioregionaldigital.com.br\/index.php?rest_route=\/wp\/v2\/types\/post"}],"author":[{"embeddable":true,"href":"https:\/\/diarioregionaldigital.com.br\/index.php?rest_route=\/wp\/v2\/users\/96"}],"replies":[{"embeddable":true,"href":"https:\/\/diarioregionaldigital.com.br\/index.php?rest_route=%2Fwp%2Fv2%2Fcomments&post=126538"}],"version-history":[{"count":0,"href":"https:\/\/diarioregionaldigital.com.br\/index.php?rest_route=\/wp\/v2\/posts\/126538\/revisions"}],"wp:featuredmedia":[{"embeddable":true,"href":"https:\/\/diarioregionaldigital.com.br\/index.php?rest_route=\/wp\/v2\/media\/95836"}],"wp:attachment":[{"href":"https:\/\/diarioregionaldigital.com.br\/index.php?rest_route=%2Fwp%2Fv2%2Fmedia&parent=126538"}],"wp:term":[{"taxonomy":"category","embeddable":true,"href":"https:\/\/diarioregionaldigital.com.br\/index.php?rest_route=%2Fwp%2Fv2%2Fcategories&post=126538"},{"taxonomy":"post_tag","embeddable":true,"href":"https:\/\/diarioregionaldigital.com.br\/index.php?rest_route=%2Fwp%2Fv2%2Ftags&post=126538"}],"curies":[{"name":"wp","href":"https:\/\/api.w.org\/{rel}","templated":true}]}}