{"id":126535,"date":"2018-11-26T08:42:28","date_gmt":"2018-11-26T10:42:28","guid":{"rendered":"https:\/\/diarioregionaldigital.com.br\/?p=126535"},"modified":"2018-11-26T08:42:53","modified_gmt":"2018-11-26T10:42:53","slug":"taxista-e-assaltado","status":"publish","type":"post","link":"https:\/\/diarioregionaldigital.com.br\/?p=126535","title":{"rendered":"Taxista \u00e9 assaltado no bairro Marumbi"},"content":{"rendered":"<p>A Pol\u00edcia Militar de Juiz de Fora registrou neste fim de semana mais um assalto \u00e0 taxista. Dessa vez, o crime ocorreu no bairro Marumbi, na zona Leste da cidade.<\/p>\n<p>Segundo o motorista, de 42 anos, ele foi chamado para atender uma corrida entre os bairros Progresso e Marumbi, por volta das 22h30, deste domingo, 25. Ao chegar \u00e1 Rua Joaquim Marques Coimbra, j\u00e1 no destino final, uma moto interceptou o t\u00e1xi.<\/p>\n<p>O condutor desceu da motocicleta e foi at\u00e9 o carro, agrediu o taxista com um soco e roubou dele R$471 que tinha no bolso e um celular. O motorista tentou pegar o r\u00e1dio comunicador para pedir ajuda, mas o passageiro, que era comparsa do assaltante, puxou o fio do aparelho, impedindo a comunica\u00e7\u00e3o.<\/p>\n<p>Ap\u00f3s o crime, os dois fugiram na moto e n\u00e3o foram localizados pela Pol\u00edcia Militar.<\/p>\n","protected":false},"excerpt":{"rendered":"<p>A Pol\u00edcia Militar de Juiz de Fora registrou neste fim de semana mais um assalto \u00e0 taxista. Dessa vez, o crime ocorreu no bairro Marumbi, na zona Leste da cidade. Segundo o motorista, de 42 anos, ele foi chamado para atender uma corrida entre os bairros Progresso e Marumbi, por volta das 22h30, deste domingo, [&hellip;]<\/p>\n","protected":false},"author":96,"featured_media":95836,"comment_status":"closed","ping_status":"closed","sticky":false,"template":"","format":"standard","meta":{"footnotes":""},"categories":[301],"tags":[],"class_list":["post-126535","post","type-post","status-publish","format-standard","has-post-thumbnail","hentry","category-artigos-policiais"],"_links":{"self":[{"href":"https:\/\/diarioregionaldigital.com.br\/index.php?rest_route=\/wp\/v2\/posts\/126535","targetHints":{"allow":["GET"]}}],"collection":[{"href":"https:\/\/diarioregionaldigital.com.br\/index.php?rest_route=\/wp\/v2\/posts"}],"about":[{"href":"https:\/\/diarioregionaldigital.com.br\/index.php?rest_route=\/wp\/v2\/types\/post"}],"author":[{"embeddable":true,"href":"https:\/\/diarioregionaldigital.com.br\/index.php?rest_route=\/wp\/v2\/users\/96"}],"replies":[{"embeddable":true,"href":"https:\/\/diarioregionaldigital.com.br\/index.php?rest_route=%2Fwp%2Fv2%2Fcomments&post=126535"}],"version-history":[{"count":0,"href":"https:\/\/diarioregionaldigital.com.br\/index.php?rest_route=\/wp\/v2\/posts\/126535\/revisions"}],"wp:featuredmedia":[{"embeddable":true,"href":"https:\/\/diarioregionaldigital.com.br\/index.php?rest_route=\/wp\/v2\/media\/95836"}],"wp:attachment":[{"href":"https:\/\/diarioregionaldigital.com.br\/index.php?rest_route=%2Fwp%2Fv2%2Fmedia&parent=126535"}],"wp:term":[{"taxonomy":"category","embeddable":true,"href":"https:\/\/diarioregionaldigital.com.br\/index.php?rest_route=%2Fwp%2Fv2%2Fcategories&post=126535"},{"taxonomy":"post_tag","embeddable":true,"href":"https:\/\/diarioregionaldigital.com.br\/index.php?rest_route=%2Fwp%2Fv2%2Ftags&post=126535"}],"curies":[{"name":"wp","href":"https:\/\/api.w.org\/{rel}","templated":true}]}}