{"id":126533,"date":"2018-11-26T08:25:30","date_gmt":"2018-11-26T10:25:30","guid":{"rendered":"https:\/\/diarioregionaldigital.com.br\/?p=126533"},"modified":"2018-11-26T08:25:30","modified_gmt":"2018-11-26T10:25:30","slug":"pedestres-sao-assaltados-nas-regioes-norte-e-nordeste-de-juiz-de-fora","status":"publish","type":"post","link":"https:\/\/diarioregionaldigital.com.br\/?p=126533","title":{"rendered":"Pedestres s\u00e3o assaltados nas regi\u00f5es Norte e Nordeste de Juiz de Fora"},"content":{"rendered":"<p>Dois pedestres foram v\u00edtimas de assalto nesse domingo, 25, nas regi\u00f5es Norte e Noroeste \u00a0de Juiz de Fora.<\/p>\n<p>Em um dos casos, que aconteceu no bairro Santa Catarina, uma mulher, de 28 anos, foi abordada por um homem na Rua Catulo Breigliere durante a manh\u00e3. Armado com uma faca, o autor exigiu que a v\u00edtima entregasse o celular e cerca de R$70. Ap\u00f3s o crime, o assaltante fugiu.<\/p>\n<p>O segundo roubo foi na Rua Ab\u00edlio Gomes, no bairro Francisco Bernardino. Um jovem, de 18 anos, foi surpreendido por um homem armado com faca. Ap\u00f3s amea\u00e7as, o autor roubou o celular do rapaz e fugiu.<\/p>\n<p>Nos dois casos, a Pol\u00edcia Militar realizou rastreamento, mas os assaltantes n\u00e3o foram localizados.<\/p>\n<p>&nbsp;<\/p>\n","protected":false},"excerpt":{"rendered":"<p>Dois pedestres foram v\u00edtimas de assalto nesse domingo, 25, nas regi\u00f5es Norte e Noroeste \u00a0de Juiz de Fora. Em um dos casos, que aconteceu no bairro Santa Catarina, uma mulher, de 28 anos, foi abordada por um homem na Rua Catulo Breigliere durante a manh\u00e3. Armado com uma faca, o autor exigiu que a v\u00edtima [&hellip;]<\/p>\n","protected":false},"author":96,"featured_media":95836,"comment_status":"closed","ping_status":"closed","sticky":false,"template":"","format":"standard","meta":{"footnotes":""},"categories":[301],"tags":[],"class_list":["post-126533","post","type-post","status-publish","format-standard","has-post-thumbnail","hentry","category-artigos-policiais"],"_links":{"self":[{"href":"https:\/\/diarioregionaldigital.com.br\/index.php?rest_route=\/wp\/v2\/posts\/126533","targetHints":{"allow":["GET"]}}],"collection":[{"href":"https:\/\/diarioregionaldigital.com.br\/index.php?rest_route=\/wp\/v2\/posts"}],"about":[{"href":"https:\/\/diarioregionaldigital.com.br\/index.php?rest_route=\/wp\/v2\/types\/post"}],"author":[{"embeddable":true,"href":"https:\/\/diarioregionaldigital.com.br\/index.php?rest_route=\/wp\/v2\/users\/96"}],"replies":[{"embeddable":true,"href":"https:\/\/diarioregionaldigital.com.br\/index.php?rest_route=%2Fwp%2Fv2%2Fcomments&post=126533"}],"version-history":[{"count":0,"href":"https:\/\/diarioregionaldigital.com.br\/index.php?rest_route=\/wp\/v2\/posts\/126533\/revisions"}],"wp:featuredmedia":[{"embeddable":true,"href":"https:\/\/diarioregionaldigital.com.br\/index.php?rest_route=\/wp\/v2\/media\/95836"}],"wp:attachment":[{"href":"https:\/\/diarioregionaldigital.com.br\/index.php?rest_route=%2Fwp%2Fv2%2Fmedia&parent=126533"}],"wp:term":[{"taxonomy":"category","embeddable":true,"href":"https:\/\/diarioregionaldigital.com.br\/index.php?rest_route=%2Fwp%2Fv2%2Fcategories&post=126533"},{"taxonomy":"post_tag","embeddable":true,"href":"https:\/\/diarioregionaldigital.com.br\/index.php?rest_route=%2Fwp%2Fv2%2Ftags&post=126533"}],"curies":[{"name":"wp","href":"https:\/\/api.w.org\/{rel}","templated":true}]}}