{"id":126531,"date":"2018-11-26T08:01:16","date_gmt":"2018-11-26T10:01:16","guid":{"rendered":"https:\/\/diarioregionaldigital.com.br\/?p=126531"},"modified":"2018-11-26T08:01:16","modified_gmt":"2018-11-26T10:01:16","slug":"homem-e-agredido-com-coronhada-durante-assalto","status":"publish","type":"post","link":"https:\/\/diarioregionaldigital.com.br\/?p=126531","title":{"rendered":"Homem \u00e9 agredido com coronhada durante assalto"},"content":{"rendered":"<p>No \u00faltimo s\u00e1bado, 24, um homem, de 40 anos, foi assaltado no bairro Teixeiras, regi\u00e3o Sul de Juiz de Fora. Por volta das 20h, ele passava pela Rua Jo\u00e3o Moreira da Rocha quando foi abordado por tr\u00eas indiv\u00edduos.<\/p>\n<p>Um dos autores estava armado e apontou a arma em dire\u00e7\u00e3o \u00e0 v\u00edtima, enquanto os outros dois pegavam a bolsa que continha R$300, dois perfumes e um celular.<\/p>\n<p>Segundo o homem roubado, um dos indiv\u00edduos deu uma coronhada na testa e no nariz dele. Com a agress\u00e3o, ele perdeu a consci\u00eancia e n\u00e3o viu para onde os assaltantes fugiram.<\/p>\n<p>Atrav\u00e9s de fotografias cedidas pela Pol\u00edcia Militar, a v\u00edtima reconheceu os autores, que possuem idades entre 19 e 20 anos, mas at\u00e9 o momento, nenhum deles foi localizado.<\/p>\n","protected":false},"excerpt":{"rendered":"<p>No \u00faltimo s\u00e1bado, 24, um homem, de 40 anos, foi assaltado no bairro Teixeiras, regi\u00e3o Sul de Juiz de Fora. Por volta das 20h, ele passava pela Rua Jo\u00e3o Moreira da Rocha quando foi abordado por tr\u00eas indiv\u00edduos. Um dos autores estava armado e apontou a arma em dire\u00e7\u00e3o \u00e0 v\u00edtima, enquanto os outros dois [&hellip;]<\/p>\n","protected":false},"author":96,"featured_media":95836,"comment_status":"closed","ping_status":"closed","sticky":false,"template":"","format":"standard","meta":{"footnotes":""},"categories":[301],"tags":[],"class_list":["post-126531","post","type-post","status-publish","format-standard","has-post-thumbnail","hentry","category-artigos-policiais"],"_links":{"self":[{"href":"https:\/\/diarioregionaldigital.com.br\/index.php?rest_route=\/wp\/v2\/posts\/126531","targetHints":{"allow":["GET"]}}],"collection":[{"href":"https:\/\/diarioregionaldigital.com.br\/index.php?rest_route=\/wp\/v2\/posts"}],"about":[{"href":"https:\/\/diarioregionaldigital.com.br\/index.php?rest_route=\/wp\/v2\/types\/post"}],"author":[{"embeddable":true,"href":"https:\/\/diarioregionaldigital.com.br\/index.php?rest_route=\/wp\/v2\/users\/96"}],"replies":[{"embeddable":true,"href":"https:\/\/diarioregionaldigital.com.br\/index.php?rest_route=%2Fwp%2Fv2%2Fcomments&post=126531"}],"version-history":[{"count":0,"href":"https:\/\/diarioregionaldigital.com.br\/index.php?rest_route=\/wp\/v2\/posts\/126531\/revisions"}],"wp:featuredmedia":[{"embeddable":true,"href":"https:\/\/diarioregionaldigital.com.br\/index.php?rest_route=\/wp\/v2\/media\/95836"}],"wp:attachment":[{"href":"https:\/\/diarioregionaldigital.com.br\/index.php?rest_route=%2Fwp%2Fv2%2Fmedia&parent=126531"}],"wp:term":[{"taxonomy":"category","embeddable":true,"href":"https:\/\/diarioregionaldigital.com.br\/index.php?rest_route=%2Fwp%2Fv2%2Fcategories&post=126531"},{"taxonomy":"post_tag","embeddable":true,"href":"https:\/\/diarioregionaldigital.com.br\/index.php?rest_route=%2Fwp%2Fv2%2Ftags&post=126531"}],"curies":[{"name":"wp","href":"https:\/\/api.w.org\/{rel}","templated":true}]}}