{"id":126523,"date":"2018-11-25T23:46:14","date_gmt":"2018-11-26T01:46:14","guid":{"rendered":"https:\/\/diarioregionaldigital.com.br\/?p=126523"},"modified":"2018-11-25T23:46:14","modified_gmt":"2018-11-26T01:46:14","slug":"tecnobit-night-run-encerra-32o-ranking-de-corrida-de-rua-de-juiz-de-fora","status":"publish","type":"post","link":"https:\/\/diarioregionaldigital.com.br\/?p=126523","title":{"rendered":"Tecnobit Night Run encerra 32\u00ba Ranking de Corrida de Rua de Juiz de Fora"},"content":{"rendered":"<p>A noite deste s\u00e1bado, 24, foi de festa do esporte em Juiz de Fora com a realiza\u00e7\u00e3o da d\u00e9cima e \u00faltima etapa do 32\u00ba Ranking de Corridas de Rua. Apesar do c\u00e9u carregado ao longo de todo o dia, os cerca de 1.200 participantes correram e caminharam sob garoa fina, apenas em alguns momentos. De volta ao Est\u00e1dio Municipal Radialista M\u00e1rio Hel\u00eanio, a 4\u00aa Corrida Tecnobit chegou \u00e0 sua segunda edi\u00e7\u00e3o noturna, tendo como campe\u00f5es os atletas F\u00e1bio J\u00fanio Corvelos (RB Team\/Vem Correr) e Amanda Oliveira (Fac. Granbery\/Ed. F\u00edsica\/ Real Merc\u00eas\/ Sicoob\/NutriMais).<\/p>\n<p>Wesley Gomes Furiati (Vis\u00e3o de \u00c1guia), Neemias Alves (Fac. Granbery\/Ed. F\u00edsica), Pedro Henrique Campos Archanjo (RB Team\/Vem Correr) e Edevaldo Silva (Imperadores\/CRIA UFJF), respectivamente, completaram a premia\u00e7\u00e3o masculina. No feminino, o segundo ao quinto lugares ficaram com Aline Barbosa (Fac. Granbery\/Ed. F\u00edsica\/Mais Bella), Talita Antunes (VidAtiva), Claudete Nunes (ProFit Running) e Adriana Rodrigues (Nativos).<\/p>\n<p>RB Team\/Vem Correr (519 pontos), Super Amigos (313) e Vis\u00e3o de \u00c1guia (165) foram as melhores equipes masculinas, enquanto Nativos (336 pontos), ProFit Running (289) e Fac. Granbery\/Ed. F\u00edsica (283) foram premiadas da primeira \u00e0 terceira posi\u00e7\u00f5es, nas femininas. Nos grupos PCD, vit\u00f3ria de JF Paral\u00edmpico nas duas categorias.<\/p>\n<p>&nbsp;<\/p>\n<p>Segundo o organizador Marcelo Machado Montenegro, da Tecnobit Inform\u00e1tica, al\u00e9m da caminhada de 3km e por motivos de seguran\u00e7a, em comum acordo com a Secretaria de Esporte e Lazer, o trajeto principal teve a dist\u00e2ncia alterada de 6,5km para 7,3km. \u201cAchamos melhor dar uma puxada a mais no percurso, para os atletas n\u00e3o fazerem uma virada muito grande para subirem os morros e n\u00e3o terem problemas posteriores. A diferen\u00e7a foi m\u00ednima e muitos corredores adoraram, por ter dado uma adrenalina a mais na prova\u201d.<\/p>\n<p>&nbsp;<\/p>\n","protected":false},"excerpt":{"rendered":"<p>A noite deste s\u00e1bado, 24, foi de festa do esporte em Juiz de Fora com a realiza\u00e7\u00e3o da d\u00e9cima e \u00faltima etapa do 32\u00ba Ranking de Corridas de Rua. Apesar do c\u00e9u carregado ao longo de todo o dia, os cerca de 1.200 participantes correram e caminharam sob garoa fina, apenas em alguns momentos. De [&hellip;]<\/p>\n","protected":false},"author":96,"featured_media":126524,"comment_status":"closed","ping_status":"closed","sticky":false,"template":"","format":"standard","meta":{"footnotes":""},"categories":[257,439],"tags":[],"class_list":["post-126523","post","type-post","status-publish","format-standard","has-post-thumbnail","hentry","category-esporte","category-ultima-hora"],"_links":{"self":[{"href":"https:\/\/diarioregionaldigital.com.br\/index.php?rest_route=\/wp\/v2\/posts\/126523","targetHints":{"allow":["GET"]}}],"collection":[{"href":"https:\/\/diarioregionaldigital.com.br\/index.php?rest_route=\/wp\/v2\/posts"}],"about":[{"href":"https:\/\/diarioregionaldigital.com.br\/index.php?rest_route=\/wp\/v2\/types\/post"}],"author":[{"embeddable":true,"href":"https:\/\/diarioregionaldigital.com.br\/index.php?rest_route=\/wp\/v2\/users\/96"}],"replies":[{"embeddable":true,"href":"https:\/\/diarioregionaldigital.com.br\/index.php?rest_route=%2Fwp%2Fv2%2Fcomments&post=126523"}],"version-history":[{"count":0,"href":"https:\/\/diarioregionaldigital.com.br\/index.php?rest_route=\/wp\/v2\/posts\/126523\/revisions"}],"wp:featuredmedia":[{"embeddable":true,"href":"https:\/\/diarioregionaldigital.com.br\/index.php?rest_route=\/wp\/v2\/media\/126524"}],"wp:attachment":[{"href":"https:\/\/diarioregionaldigital.com.br\/index.php?rest_route=%2Fwp%2Fv2%2Fmedia&parent=126523"}],"wp:term":[{"taxonomy":"category","embeddable":true,"href":"https:\/\/diarioregionaldigital.com.br\/index.php?rest_route=%2Fwp%2Fv2%2Fcategories&post=126523"},{"taxonomy":"post_tag","embeddable":true,"href":"https:\/\/diarioregionaldigital.com.br\/index.php?rest_route=%2Fwp%2Fv2%2Ftags&post=126523"}],"curies":[{"name":"wp","href":"https:\/\/api.w.org\/{rel}","templated":true}]}}