{"id":126498,"date":"2018-11-24T11:10:55","date_gmt":"2018-11-24T13:10:55","guid":{"rendered":"https:\/\/diarioregionaldigital.com.br\/?p=126498"},"modified":"2018-11-24T11:10:55","modified_gmt":"2018-11-24T13:10:55","slug":"combate-ao-aedes-ganha-reforco-a-partir-deste-domingo","status":"publish","type":"post","link":"https:\/\/diarioregionaldigital.com.br\/?p=126498","title":{"rendered":"Combate ao Aedes ganha refor\u00e7o a partir deste domingo"},"content":{"rendered":"<p>Entre domingo, 25, e a pr\u00f3xima sexta-feira, 30,\u00a0toda a popula\u00e7\u00e3o brasileira est\u00e1 convocada para unir esfor\u00e7os no enfrentamento ao mosquito que transmite doen\u00e7as como a dengue,\u00a0zika\u00a0e\u00a0chikungunya. Durante a\u00a0Semana Nacional de Combate ao\u00a0<em>Aedes\u00a0aegypti<\/em>,\u00a0ser\u00e3o mobilizadas 210 mil unidades p\u00fablicas e privadas, sendo\u00a0146 mil escolas da rede b\u00e1sica, 11 mil Centros de Assist\u00eancia Social e 53 mil Unidades B\u00e1sicas de Sa\u00fade (UBS).\u00a0<span data-ccp-props=\"{&quot;201341983&quot;:0,&quot;335559739&quot;:160,&quot;335559740&quot;:259}\">\u00a0<\/span><\/p>\n<p>Est\u00e3o previstas\u00a0visitas domiciliares, distribui\u00e7\u00e3o de materiais informativos e educativos, murais, rodas de conversa, oficinas, teatros e gincanas.\u00a0No \u00faltimo dia da semana ser\u00e1 realizado o Dia D com\u00a0mutir\u00f5es\u00a0de limpeza em todos os espa\u00e7os e \u00f3rg\u00e3os p\u00fablicos. Al\u00e9m disso, o Minist\u00e9rio da Sa\u00fade orientou estados e munic\u00edpios a realizarem atividades de conscientiza\u00e7\u00e3o para orientar a popula\u00e7\u00e3o sobre a import\u00e2ncia das a\u00e7\u00f5es.\u00a0<span data-ccp-props=\"{&quot;201341983&quot;:0,&quot;335559739&quot;:160,&quot;335559740&quot;:259}\">\u00a0<\/span><\/p>\n<h3><span data-ccp-props=\"{&quot;201341983&quot;:0,&quot;335559739&quot;:160,&quot;335559740&quot;:259}\">Mais a\u00e7\u00f5es<\/span><\/h3>\n<p>Com a campanha, o governo\u00a0pretende mostrar que a uni\u00e3o\u00a0\u00e9 a melhor forma de\u00a0evitar as doen\u00e7as transmitidas pelo\u00a0mosquito, principalmente nos meses de novembro a maio. Neste per\u00edodo, o calor e as chuvas\u00a0aumentam os riscos de prolifera\u00e7\u00e3o do\u00a0<em>Aedes<\/em>.\u00a0<span data-ccp-props=\"{&quot;201341983&quot;:0,&quot;335559739&quot;:160,&quot;335559740&quot;:259}\">\u00a0<\/span><\/p>\n<p>Apesar do refor\u00e7o nesse per\u00edodo, o minist\u00e9rio tem a\u00e7\u00f5es para combater o mosquito o ano todo. At\u00e9 o\u00a0momento,\u00a02.166 salas de mobiliza\u00e7\u00e3o municipais est\u00e3o em atividade no Pa\u00eds.\u00a0Os\u00a0recursos repassados mensalmente a estados e munic\u00edpios para as a\u00e7\u00f5es de vigil\u00e2ncia em sa\u00fade, incluindo o combate ao\u00a0<em>Aedes aegypti<\/em>, passaram de R$ 924,1 milh\u00f5es, em 2010, para R$ 1,93 bilh\u00e3o em 2017.<\/p>\n<p>Fonte:\u00a0<a href=\"http:\/\/portalms.saude.gov.br\/\" data-tippreview-enabled=\"false\" data-tippreview-image=\"\" data-tippreview-title=\"\">Minist\u00e9rio da Sa\u00fade\u00a0<\/a><span data-ccp-props=\"{&quot;201341983&quot;:0,&quot;335559739&quot;:160,&quot;335559740&quot;:259}\"><a href=\"http:\/\/portalms.saude.gov.br\/\" data-tippreview-enabled=\"false\" data-tippreview-image=\"\" data-tippreview-title=\"\">\u00a0<\/a><\/span><\/p>\n","protected":false},"excerpt":{"rendered":"<p>Entre domingo, 25, e a pr\u00f3xima sexta-feira, 30,\u00a0toda a popula\u00e7\u00e3o brasileira est\u00e1 convocada para unir esfor\u00e7os no enfrentamento ao mosquito que transmite doen\u00e7as como a dengue,\u00a0zika\u00a0e\u00a0chikungunya. Durante a\u00a0Semana Nacional de Combate ao\u00a0Aedes\u00a0aegypti,\u00a0ser\u00e3o mobilizadas 210 mil unidades p\u00fablicas e privadas, sendo\u00a0146 mil escolas da rede b\u00e1sica, 11 mil Centros de Assist\u00eancia Social e 53 mil Unidades [&hellip;]<\/p>\n","protected":false},"author":96,"featured_media":126499,"comment_status":"closed","ping_status":"closed","sticky":false,"template":"","format":"standard","meta":{"footnotes":""},"categories":[302,436,439],"tags":[],"class_list":["post-126498","post","type-post","status-publish","format-standard","has-post-thumbnail","hentry","category-brasil-mundo","category-destaque-da-semana","category-ultima-hora"],"_links":{"self":[{"href":"https:\/\/diarioregionaldigital.com.br\/index.php?rest_route=\/wp\/v2\/posts\/126498","targetHints":{"allow":["GET"]}}],"collection":[{"href":"https:\/\/diarioregionaldigital.com.br\/index.php?rest_route=\/wp\/v2\/posts"}],"about":[{"href":"https:\/\/diarioregionaldigital.com.br\/index.php?rest_route=\/wp\/v2\/types\/post"}],"author":[{"embeddable":true,"href":"https:\/\/diarioregionaldigital.com.br\/index.php?rest_route=\/wp\/v2\/users\/96"}],"replies":[{"embeddable":true,"href":"https:\/\/diarioregionaldigital.com.br\/index.php?rest_route=%2Fwp%2Fv2%2Fcomments&post=126498"}],"version-history":[{"count":0,"href":"https:\/\/diarioregionaldigital.com.br\/index.php?rest_route=\/wp\/v2\/posts\/126498\/revisions"}],"wp:featuredmedia":[{"embeddable":true,"href":"https:\/\/diarioregionaldigital.com.br\/index.php?rest_route=\/wp\/v2\/media\/126499"}],"wp:attachment":[{"href":"https:\/\/diarioregionaldigital.com.br\/index.php?rest_route=%2Fwp%2Fv2%2Fmedia&parent=126498"}],"wp:term":[{"taxonomy":"category","embeddable":true,"href":"https:\/\/diarioregionaldigital.com.br\/index.php?rest_route=%2Fwp%2Fv2%2Fcategories&post=126498"},{"taxonomy":"post_tag","embeddable":true,"href":"https:\/\/diarioregionaldigital.com.br\/index.php?rest_route=%2Fwp%2Fv2%2Ftags&post=126498"}],"curies":[{"name":"wp","href":"https:\/\/api.w.org\/{rel}","templated":true}]}}