{"id":126496,"date":"2018-11-24T11:08:27","date_gmt":"2018-11-24T13:08:27","guid":{"rendered":"https:\/\/diarioregionaldigital.com.br\/?p=126496"},"modified":"2018-11-24T11:08:27","modified_gmt":"2018-11-24T13:08:27","slug":"quase-300-cidades-ficaram-sem-medicos-com-saida-de-cubanos","status":"publish","type":"post","link":"https:\/\/diarioregionaldigital.com.br\/?p=126496","title":{"rendered":"Quase 300 cidades ficaram sem m\u00e9dicos com sa\u00edda de cubanos"},"content":{"rendered":"<p>Pelo menos 285 cidades e 36 Distritos Sanit\u00e1rios Especiais Ind\u00edgenas (Dseis) ficaram sem m\u00e9dicos em equipes de preven\u00e7\u00e3o com a sa\u00edda de profissionais cubanos. O levantamento foi realizado pelo Conselho Nacional das Secretarias Municipais de Sa\u00fade (Conasems). A entidade acredita, entretanto, que com o novo edital lan\u00e7ado pelo Minist\u00e9rio da Sa\u00fade a reposi\u00e7\u00e3o ser\u00e1 r\u00e1pida e n\u00e3o haver\u00e1 grandes preju\u00edzos \u00e0 popula\u00e7\u00e3o.<\/p>\n<p>No dia 14 deste m\u00eas, o\u00a0governo cubano decidiu encerrar o acordo com o Brasil que viabilizava a atua\u00e7\u00e3o dos profissionais no Mais M\u00e9dicos, celebrado por meio da Organiza\u00e7\u00e3o Panamericana de Sa\u00fade (Opas) junto ao Minist\u00e9rio da Sa\u00fade, depois de declara\u00e7\u00f5es do presidente eleito Jair Bolsonaro de que alteraria as regras do programa.<\/p>\n<h2>Levantamento<\/h2>\n<p>O levantamento do Conasems abarcou a situa\u00e7\u00e3o de 22 estados e do Distrito Federal. N\u00e3o repassaram informa\u00e7\u00f5es munic\u00edpios do Amazonas, Amap\u00e1, Cear\u00e1 e Esp\u00edrito Santo. O estudo mapeou as cidades onde as equipes de sa\u00fade da fam\u00edlia tinham como \u00fanico m\u00e9dico um profissional cubano. As equipes s\u00e3o compostas ainda por profissionais de outras \u00e1reas da sa\u00fade como enfermeiros e dentistas.<\/p>\n<p>O estado com mais munic\u00edpios nessa situa\u00e7\u00e3o \u00e9 o Rio Grande do Sul, com 92 cidades. Em seguida v\u00eam S\u00e3o Paulo, com 43, Paran\u00e1, com 26, Minas Gerais, com 23, e Santa Catarina, com 21. J\u00e1 no caso dos Distritos Sanit\u00e1rios Especiais Ind\u00edgenas, o estado com maior preju\u00edzo foi o Amazonas, com 9 localidades cuja equipe de sa\u00fade da fam\u00edlia ficou sem m\u00e9dico. Est\u00e3o no topo do ranking tamb\u00e9m Par\u00e1 e Mato Grosso, estados onde cinco equipes tamb\u00e9m ficar\u00e3o desfalcadas.<\/p>\n<p>O governo cubano determinou que os profissionais cessassem as atividades na ter\u00e7a-feira com vistas a se deslocar para quatro polos de retorno: Bras\u00edlia, Manaus, Salvador e S\u00e3o Paulo. A primeira leva\u00a0partiu da capital federal rumo a Havana ontem. Contudo, parte dos m\u00e9dicos ainda deve atuar por mais alguns dias, at\u00e9 a sa\u00edda definitiva. A expectativa da Opas \u00e9 que o processo de regresso termine no dia 12 de dezembro.<\/p>\n<h2>Poucos transtornos<\/h2>\n<p>Na avalia\u00e7\u00e3o do Conasems, a abertura do novo edital aponta para um processo de reposi\u00e7\u00e3o desses profissionais sem grandes impactos negativos. O novo processo seletivo est\u00e1 com\u00a0inscri\u00e7\u00f5es abertas at\u00e9 7 de dezembro. Segundo o Minist\u00e9rio da Sa\u00fade, no terceiro dia, o sistema j\u00e1\u00a0havia registrado mais de 7 mil inscri\u00e7\u00f5es.<\/p>\n<p>\u201cOs munic\u00edpios est\u00e3o recebendo informa\u00e7\u00f5es dos m\u00e9dicos que v\u00e3o substituir. E tem secret\u00e1rio de sa\u00fade j\u00e1 validando e esses m\u00e9dicos j\u00e1 podem se apresentar para iniciar o trabalho. O tempo que vai ficar sem m\u00e9dico ser\u00e1 pequeno, at\u00e9 porque eles s\u00f3 atuam na estrat\u00e9gia de sa\u00fade da fam\u00edlia. \u00c9 poss\u00edvel superar esses dias sem m\u00e9dico sem grandes transtornos\u201d, avaliou Mauro Junqueira.<\/p>\n<p>Fonte: Ag\u00eancia Brasil<\/p>\n","protected":false},"excerpt":{"rendered":"<p>Pelo menos 285 cidades e 36 Distritos Sanit\u00e1rios Especiais Ind\u00edgenas (Dseis) ficaram sem m\u00e9dicos em equipes de preven\u00e7\u00e3o com a sa\u00edda de profissionais cubanos. O levantamento foi realizado pelo Conselho Nacional das Secretarias Municipais de Sa\u00fade (Conasems). A entidade acredita, entretanto, que com o novo edital lan\u00e7ado pelo Minist\u00e9rio da Sa\u00fade a reposi\u00e7\u00e3o ser\u00e1 r\u00e1pida [&hellip;]<\/p>\n","protected":false},"author":96,"featured_media":126418,"comment_status":"closed","ping_status":"closed","sticky":false,"template":"","format":"standard","meta":{"footnotes":""},"categories":[302,436,439],"tags":[],"class_list":["post-126496","post","type-post","status-publish","format-standard","has-post-thumbnail","hentry","category-brasil-mundo","category-destaque-da-semana","category-ultima-hora"],"_links":{"self":[{"href":"https:\/\/diarioregionaldigital.com.br\/index.php?rest_route=\/wp\/v2\/posts\/126496","targetHints":{"allow":["GET"]}}],"collection":[{"href":"https:\/\/diarioregionaldigital.com.br\/index.php?rest_route=\/wp\/v2\/posts"}],"about":[{"href":"https:\/\/diarioregionaldigital.com.br\/index.php?rest_route=\/wp\/v2\/types\/post"}],"author":[{"embeddable":true,"href":"https:\/\/diarioregionaldigital.com.br\/index.php?rest_route=\/wp\/v2\/users\/96"}],"replies":[{"embeddable":true,"href":"https:\/\/diarioregionaldigital.com.br\/index.php?rest_route=%2Fwp%2Fv2%2Fcomments&post=126496"}],"version-history":[{"count":0,"href":"https:\/\/diarioregionaldigital.com.br\/index.php?rest_route=\/wp\/v2\/posts\/126496\/revisions"}],"wp:featuredmedia":[{"embeddable":true,"href":"https:\/\/diarioregionaldigital.com.br\/index.php?rest_route=\/wp\/v2\/media\/126418"}],"wp:attachment":[{"href":"https:\/\/diarioregionaldigital.com.br\/index.php?rest_route=%2Fwp%2Fv2%2Fmedia&parent=126496"}],"wp:term":[{"taxonomy":"category","embeddable":true,"href":"https:\/\/diarioregionaldigital.com.br\/index.php?rest_route=%2Fwp%2Fv2%2Fcategories&post=126496"},{"taxonomy":"post_tag","embeddable":true,"href":"https:\/\/diarioregionaldigital.com.br\/index.php?rest_route=%2Fwp%2Fv2%2Ftags&post=126496"}],"curies":[{"name":"wp","href":"https:\/\/api.w.org\/{rel}","templated":true}]}}