{"id":126489,"date":"2018-11-24T10:32:50","date_gmt":"2018-11-24T12:32:50","guid":{"rendered":"https:\/\/diarioregionaldigital.com.br\/?p=126489"},"modified":"2018-11-24T10:32:50","modified_gmt":"2018-11-24T12:32:50","slug":"caixa-anuncia-nova-etapa-de-plano-de-demissao-voluntaria","status":"publish","type":"post","link":"https:\/\/diarioregionaldigital.com.br\/?p=126489","title":{"rendered":"Caixa anuncia nova etapa de plano de demiss\u00e3o volunt\u00e1ria"},"content":{"rendered":"<p>A Caixa Econ\u00f4mica Federal anunciou na sexta-feira, 23, nova etapa do Programa de Desligamento de Empregado (PDE), com per\u00edodo de ades\u00e3o de 26 a\u00a0<span id=\"OBJ_PREFIX_DWT418_com_zimbra_date\" role=\"link\">30 de novembro<\/span>. O programa est\u00e1 aberto aos empregados com mais de 15 anos na institui\u00e7\u00e3o, aposentados ou aptos a se aposentar at\u00e9 o fim deste ano, ou com adicional de incorpora\u00e7\u00e3o de fun\u00e7\u00e3o de confian\u00e7a.<\/p>\n<div class=\"dnd-widget-wrapper context-cheio_8colunas type-image\">\n<div class=\"dnd-atom-rendered\">\n<p>O banco espera a ades\u00e3o de at\u00e9 1,6 mil funcion\u00e1rios, que dever\u00e1 gerar economia de R$ 324 milh\u00f5es por ano, caso a expectativa seja atingida. Desde 2016, 12,5 mil empregados se desligaram da Caixa, dos quais 8,6 mil por meio de programas de demiss\u00e3o volunt\u00e1ria.<\/p>\n<p>O an\u00fancio da nova etapa do plano ocorre um dia depois de a assessoria do futuro ministro da Economia, Paulo Guedes, confirmar a\u00a0indica\u00e7\u00e3o do economista Pedro Guimar\u00e3es para a presid\u00eancia da Caixa. Com passagem pelos bancos Bozano Simonsen, BTG Pactual e Brasil Plural, Guimar\u00e3es \u00e9 PhD em economia pela Universidade de Rochester, nos Estados Unidos, com especializa\u00e7\u00e3o em privatiza\u00e7\u00f5es.<\/p>\n<p>Nos nove primeiros meses do ano, a Caixa lucrou R$ 11,5 bilh\u00f5es, ganho recorde e 83,7% maior que o registrado no mesmo per\u00edodo de 2017. De acordo com a institui\u00e7\u00e3o, a queda de 7,1% nos gastos de pessoal em rela\u00e7\u00e3o aos mesmos meses do ano passado contribuiu para o aumento do lucro.<\/p>\n<\/div>\n<\/div>\n<p>Fonte: Ag\u00eancia Brasil<\/p>\n","protected":false},"excerpt":{"rendered":"<p>A Caixa Econ\u00f4mica Federal anunciou na sexta-feira, 23, nova etapa do Programa de Desligamento de Empregado (PDE), com per\u00edodo de ades\u00e3o de 26 a\u00a030 de novembro. O programa est\u00e1 aberto aos empregados com mais de 15 anos na institui\u00e7\u00e3o, aposentados ou aptos a se aposentar at\u00e9 o fim deste ano, ou com adicional de incorpora\u00e7\u00e3o [&hellip;]<\/p>\n","protected":false},"author":96,"featured_media":126490,"comment_status":"closed","ping_status":"closed","sticky":false,"template":"","format":"standard","meta":{"footnotes":""},"categories":[436,261,439],"tags":[],"class_list":["post-126489","post","type-post","status-publish","format-standard","has-post-thumbnail","hentry","category-destaque-da-semana","category-economia","category-ultima-hora"],"_links":{"self":[{"href":"https:\/\/diarioregionaldigital.com.br\/index.php?rest_route=\/wp\/v2\/posts\/126489","targetHints":{"allow":["GET"]}}],"collection":[{"href":"https:\/\/diarioregionaldigital.com.br\/index.php?rest_route=\/wp\/v2\/posts"}],"about":[{"href":"https:\/\/diarioregionaldigital.com.br\/index.php?rest_route=\/wp\/v2\/types\/post"}],"author":[{"embeddable":true,"href":"https:\/\/diarioregionaldigital.com.br\/index.php?rest_route=\/wp\/v2\/users\/96"}],"replies":[{"embeddable":true,"href":"https:\/\/diarioregionaldigital.com.br\/index.php?rest_route=%2Fwp%2Fv2%2Fcomments&post=126489"}],"version-history":[{"count":0,"href":"https:\/\/diarioregionaldigital.com.br\/index.php?rest_route=\/wp\/v2\/posts\/126489\/revisions"}],"wp:featuredmedia":[{"embeddable":true,"href":"https:\/\/diarioregionaldigital.com.br\/index.php?rest_route=\/wp\/v2\/media\/126490"}],"wp:attachment":[{"href":"https:\/\/diarioregionaldigital.com.br\/index.php?rest_route=%2Fwp%2Fv2%2Fmedia&parent=126489"}],"wp:term":[{"taxonomy":"category","embeddable":true,"href":"https:\/\/diarioregionaldigital.com.br\/index.php?rest_route=%2Fwp%2Fv2%2Fcategories&post=126489"},{"taxonomy":"post_tag","embeddable":true,"href":"https:\/\/diarioregionaldigital.com.br\/index.php?rest_route=%2Fwp%2Fv2%2Ftags&post=126489"}],"curies":[{"name":"wp","href":"https:\/\/api.w.org\/{rel}","templated":true}]}}