{"id":126486,"date":"2018-11-24T10:28:33","date_gmt":"2018-11-24T12:28:33","guid":{"rendered":"https:\/\/diarioregionaldigital.com.br\/?p=126486"},"modified":"2018-11-24T10:28:33","modified_gmt":"2018-11-24T12:28:33","slug":"brasil-tem-9-898-casos-de-sarampo-confirmados-neste-ano","status":"publish","type":"post","link":"https:\/\/diarioregionaldigital.com.br\/?p=126486","title":{"rendered":"Brasil tem 9.898 casos de sarampo confirmados neste ano"},"content":{"rendered":"<p>Desde o in\u00edcio deste ano, at\u00e9 21 de novembro, foram confirmados 9.898 casos de sarampo no Brasil. Segundo o Minist\u00e9rio da Sa\u00fade, o pa\u00eds enfrenta dois surtos de sarampo: no Amazonas, foram confirmados 9.477 casos e, em Roraima, 347 casos. Tr\u00eas estados registraram mortes pela doen\u00e7a: quatro em Roraima, seis no Amazonas e tr\u00eas no Par\u00e1.<\/p>\n<p>O minist\u00e9rio informou, no entanto, que o n\u00famero de casos novos vem caindo nos estados do Amazonas e de Roraima desde agosto. As informa\u00e7\u00f5es foram repassadas pelas secretarias estaduais de Sa\u00fade ao atualizar os dados sobre a doen\u00e7a no pa\u00eds.<\/p>\n<p>Dos mais de 7 mil casos que estavam em investiga\u00e7\u00e3o no Amazonas, apenas nove continuam sendo avaliados. No Amazonas, a confirma\u00e7\u00e3o dos casos desta semana refere-se a notifica\u00e7\u00f5es acumuladas, principalmente dos meses de julho e agosto. Em Roraima, a maior concentra\u00e7\u00e3o de casos ocorreu entre fevereiro e abril deste ano.<\/p>\n<p>Desde o in\u00edcio do ano, o Minist\u00e9rio da Sa\u00fade encaminhou aos Estados de Rond\u00f4nia, do Amazonas, de Roraima, do Par\u00e1, do Rio de Janeiro, de S\u00e3o Paulo, do Rio Grande do Sul, de Pernambuco e de Sergipe, bem como ao Distrito Federal, 14,8 milh\u00f5es de doses da vacina tr\u00edplice viral para atender \u00e0 demanda dos servi\u00e7os de rotina e \u00e0 realiza\u00e7\u00e3o de a\u00e7\u00f5es de bloqueio, al\u00e9m da intensifica\u00e7\u00e3o e campanha de vacina\u00e7\u00e3o para preven\u00e7\u00e3o de novos casos de sarampo.<\/p>\n<p>Fonte: Ag\u00eancia Brasil<\/p>\n","protected":false},"excerpt":{"rendered":"<p>Desde o in\u00edcio deste ano, at\u00e9 21 de novembro, foram confirmados 9.898 casos de sarampo no Brasil. Segundo o Minist\u00e9rio da Sa\u00fade, o pa\u00eds enfrenta dois surtos de sarampo: no Amazonas, foram confirmados 9.477 casos e, em Roraima, 347 casos. Tr\u00eas estados registraram mortes pela doen\u00e7a: quatro em Roraima, seis no Amazonas e tr\u00eas no [&hellip;]<\/p>\n","protected":false},"author":96,"featured_media":126487,"comment_status":"closed","ping_status":"closed","sticky":false,"template":"","format":"standard","meta":{"footnotes":""},"categories":[302,436,439],"tags":[],"class_list":["post-126486","post","type-post","status-publish","format-standard","has-post-thumbnail","hentry","category-brasil-mundo","category-destaque-da-semana","category-ultima-hora"],"_links":{"self":[{"href":"https:\/\/diarioregionaldigital.com.br\/index.php?rest_route=\/wp\/v2\/posts\/126486","targetHints":{"allow":["GET"]}}],"collection":[{"href":"https:\/\/diarioregionaldigital.com.br\/index.php?rest_route=\/wp\/v2\/posts"}],"about":[{"href":"https:\/\/diarioregionaldigital.com.br\/index.php?rest_route=\/wp\/v2\/types\/post"}],"author":[{"embeddable":true,"href":"https:\/\/diarioregionaldigital.com.br\/index.php?rest_route=\/wp\/v2\/users\/96"}],"replies":[{"embeddable":true,"href":"https:\/\/diarioregionaldigital.com.br\/index.php?rest_route=%2Fwp%2Fv2%2Fcomments&post=126486"}],"version-history":[{"count":0,"href":"https:\/\/diarioregionaldigital.com.br\/index.php?rest_route=\/wp\/v2\/posts\/126486\/revisions"}],"wp:featuredmedia":[{"embeddable":true,"href":"https:\/\/diarioregionaldigital.com.br\/index.php?rest_route=\/wp\/v2\/media\/126487"}],"wp:attachment":[{"href":"https:\/\/diarioregionaldigital.com.br\/index.php?rest_route=%2Fwp%2Fv2%2Fmedia&parent=126486"}],"wp:term":[{"taxonomy":"category","embeddable":true,"href":"https:\/\/diarioregionaldigital.com.br\/index.php?rest_route=%2Fwp%2Fv2%2Fcategories&post=126486"},{"taxonomy":"post_tag","embeddable":true,"href":"https:\/\/diarioregionaldigital.com.br\/index.php?rest_route=%2Fwp%2Fv2%2Ftags&post=126486"}],"curies":[{"name":"wp","href":"https:\/\/api.w.org\/{rel}","templated":true}]}}