{"id":126483,"date":"2018-11-24T10:24:54","date_gmt":"2018-11-24T12:24:54","guid":{"rendered":"https:\/\/diarioregionaldigital.com.br\/?p=126483"},"modified":"2018-11-24T10:24:54","modified_gmt":"2018-11-24T12:24:54","slug":"jungmann-envolvimento-de-poderosos-na-morte-de-marielle-e-certeza","status":"publish","type":"post","link":"https:\/\/diarioregionaldigital.com.br\/?p=126483","title":{"rendered":"Jungmann: envolvimento de poderosos na morte de Marielle \u00e9 certeza"},"content":{"rendered":"<p>O ministro da Seguran\u00e7a P\u00fablica, Raul Jugmann, declarou\u00a0ter\u00a0certeza do envolvimento de pessoas poderosas nas mortes da vereadora Marielle Franco e do motorista Anderson Gomes, ocorridas em\u00a014 de mar\u00e7o deste ano. Jungmann participou no Rio do encerramento do Simp\u00f3sio Nacional de Combate \u00e0 Corrup\u00e7\u00e3o, na\u00a0sexta-feira, 23, na Funda\u00e7\u00e3o Get\u00falio Vargas (FGV) .<\/p>\n<p>\u201cA procuradora-geral da Rep\u00fablica [Raquel Dodge] teve acesso a duas testemunhas, uma do Orlando Curicica e a outra que permanece no anonimato, em que s\u00e3o feitas grav\u00edssimas acusa\u00e7\u00f5es a agentes p\u00fablicos do Rio\u00a0de Janeiro. Que existiria uma grande articula\u00e7\u00e3o envolvendo agentes p\u00fablicos, milicianos e pol\u00edticos, em um esquema muito poderoso que n\u00e3o teria interesse na elucida\u00e7\u00e3o do caso Marielle. At\u00e9 porque estariam envolvidos neste processo. Se n\u00e3o tanto na qualidade daqueles que executaram, na qualidade de mandantes\u201d, disse Jungmann.<\/p>\n<p>Perguntado se o envolvimento de poderosos na morte da vereadora era uma certeza ou uma hip\u00f3tese, o ministro afirmou: \u201cEu diria que \u00e9 mais que uma certeza\u201d. Apesar de revelar\u00a0ter\u00a0informa\u00e7\u00f5es importantes sobre o assassinato da vereadora, Jungmann n\u00e3o confirmou se o caso ser\u00e1 resolvido at\u00e9 o final do ano.<\/p>\n<p>\u201cCome\u00e7amos h\u00e1 pouco mais de tr\u00eas semanas, mas eu acredito que a Pol\u00edcia Federal, que \u00e9 uma das melhores pol\u00edcias do mundo, vai sim avan\u00e7ar, esclarecendo o compl\u00f4 dos poderosos. [At\u00e9 o final do ano] N\u00e3o posso dizer isso. N\u00f3s vamos chegar seja em quem for. O governo federal tem distanciamento suficiente para poder avan\u00e7ar nesse processo de faxina do Rio\u00a0de Janeiro. Porque \u00e9 disso que se trata\u201d, disse o ministro.<\/p>\n<p>Fonte: Ag\u00eancia Brasil<\/p>\n","protected":false},"excerpt":{"rendered":"<p>O ministro da Seguran\u00e7a P\u00fablica, Raul Jugmann, declarou\u00a0ter\u00a0certeza do envolvimento de pessoas poderosas nas mortes da vereadora Marielle Franco e do motorista Anderson Gomes, ocorridas em\u00a014 de mar\u00e7o deste ano. Jungmann participou no Rio do encerramento do Simp\u00f3sio Nacional de Combate \u00e0 Corrup\u00e7\u00e3o, na\u00a0sexta-feira, 23, na Funda\u00e7\u00e3o Get\u00falio Vargas (FGV) . \u201cA procuradora-geral da Rep\u00fablica [&hellip;]<\/p>\n","protected":false},"author":96,"featured_media":126484,"comment_status":"closed","ping_status":"closed","sticky":false,"template":"","format":"standard","meta":{"footnotes":""},"categories":[302,436,254,439],"tags":[],"class_list":["post-126483","post","type-post","status-publish","format-standard","has-post-thumbnail","hentry","category-brasil-mundo","category-destaque-da-semana","category-politica","category-ultima-hora"],"_links":{"self":[{"href":"https:\/\/diarioregionaldigital.com.br\/index.php?rest_route=\/wp\/v2\/posts\/126483","targetHints":{"allow":["GET"]}}],"collection":[{"href":"https:\/\/diarioregionaldigital.com.br\/index.php?rest_route=\/wp\/v2\/posts"}],"about":[{"href":"https:\/\/diarioregionaldigital.com.br\/index.php?rest_route=\/wp\/v2\/types\/post"}],"author":[{"embeddable":true,"href":"https:\/\/diarioregionaldigital.com.br\/index.php?rest_route=\/wp\/v2\/users\/96"}],"replies":[{"embeddable":true,"href":"https:\/\/diarioregionaldigital.com.br\/index.php?rest_route=%2Fwp%2Fv2%2Fcomments&post=126483"}],"version-history":[{"count":0,"href":"https:\/\/diarioregionaldigital.com.br\/index.php?rest_route=\/wp\/v2\/posts\/126483\/revisions"}],"wp:featuredmedia":[{"embeddable":true,"href":"https:\/\/diarioregionaldigital.com.br\/index.php?rest_route=\/wp\/v2\/media\/126484"}],"wp:attachment":[{"href":"https:\/\/diarioregionaldigital.com.br\/index.php?rest_route=%2Fwp%2Fv2%2Fmedia&parent=126483"}],"wp:term":[{"taxonomy":"category","embeddable":true,"href":"https:\/\/diarioregionaldigital.com.br\/index.php?rest_route=%2Fwp%2Fv2%2Fcategories&post=126483"},{"taxonomy":"post_tag","embeddable":true,"href":"https:\/\/diarioregionaldigital.com.br\/index.php?rest_route=%2Fwp%2Fv2%2Ftags&post=126483"}],"curies":[{"name":"wp","href":"https:\/\/api.w.org\/{rel}","templated":true}]}}