{"id":126475,"date":"2018-11-24T06:00:41","date_gmt":"2018-11-24T08:00:41","guid":{"rendered":"https:\/\/diarioregionaldigital.com.br\/?p=126475"},"modified":"2018-11-24T10:03:21","modified_gmt":"2018-11-24T12:03:21","slug":"tse-vai-julgar-contas-da-campanha-de-bolsonaro-no-dia-4-de-dezembro","status":"publish","type":"post","link":"https:\/\/diarioregionaldigital.com.br\/?p=126475","title":{"rendered":"TSE vai julgar contas da campanha de Bolsonaro no dia 4 de dezembro"},"content":{"rendered":"<p>O julgamento das contas de campanha do presidente eleito, Jair Bolsonaro, no plen\u00e1rio do Tribunal Superior Eleitoral (TSE), deve ocorrer no pr\u00f3ximo dia\u00a0<span id=\"OBJ_PREFIX_DWT6080_com_zimbra_date\"><span id=\"OBJ_PREFIX_DWT6115_com_zimbra_date\"><span id=\"OBJ_PREFIX_DWT189_com_zimbra_date\" role=\"link\">4 de dezembro<\/span><\/span><\/span>. A aprova\u00e7\u00e3o \u00e9 necess\u00e1ria para que a diploma\u00e7\u00e3o de Bolsonaro e do vice-presidente eleito, Hamilton Mour\u00e3o, ocorra no dia\u00a0<span id=\"OBJ_PREFIX_DWT6081_com_zimbra_date\"><span id=\"OBJ_PREFIX_DWT6116_com_zimbra_date\"><span id=\"OBJ_PREFIX_DWT190_com_zimbra_date\" role=\"link\">10 de dezembro<\/span><\/span><\/span>, conforme acertado entre o TSE e a coordena\u00e7\u00e3o da transi\u00e7\u00e3o de governo.<\/p>\n<p>O relator do processo no TSE, ministro Lu\u00eds Roberto Barroso, determinou que a campanha de Bolsonaro apresentasse uma presta\u00e7\u00e3o de contas retificadora para esclarecer inconsist\u00eancias na documenta\u00e7\u00e3o entregue anteriormente ao tribunal. A presta\u00e7\u00e3o retificadora e os documentos complementares foram protocolados no TSE na semana passada.<\/p>\n<p>Segundo o TSE, todos os candidatos a presidente da Rep\u00fablica entregaram as rela\u00e7\u00f5es de receitas e despesas de campanha dentro dos prazos estipulados pela legisla\u00e7\u00e3o eleitoral. Por\u00e9m, balan\u00e7o feito pelo TSE mostra que, dos 28.070 candidatos que concorreram em outubro, somente 20.546 entregaram \u00e0 Justi\u00e7a Eleitoral as presta\u00e7\u00f5es de contas de campanha &#8211; 73,2% do total.<\/p>\n<p>Os prazos para apresentar a movimenta\u00e7\u00e3o financeira da campanha, no primeiro e no segundo turnos,\u00a0j\u00e1 se encerraram, mas ainda est\u00e3o pendentes 7.524 presta\u00e7\u00f5es de contas. De acordo com o TSE, a Justi\u00e7a Eleitoral vai cobrar a presta\u00e7\u00e3o de contas, dando prazo de 72 horas para a apresenta\u00e7\u00e3o dos documentos, a partir da notifica\u00e7\u00e3o.<\/p>\n<p>Dos 203 candidatos a governador, 190 entregaram os documentos, o que representa 93,6% do total. O \u00edndice de presta\u00e7\u00e3o de contas entre os candidatos ao Senado \u00e9 de 88,1% e \u00e0 C\u00e2mara dos Deputados, 74%.<\/p>\n<p>Entre os que concorreram a deputado estadual, 72% entregaram as contas de campanha. Esse \u00edndice chegou a 77,7% em rela\u00e7\u00e3o aos que disputaram uma das 24 vagas de deputado distrital.<\/p>\n<p>O TSE julga as contas de campanha dos presidenci\u00e1veis, cabendo aos tribunais regionais eleitorais a an\u00e1lise da movimenta\u00e7\u00e3o financeira dos candidatos a governador, senador, deputado federal, estadual e distrital.<\/p>\n<p>Segundo o TSE, os candidatos com pend\u00eancias na presta\u00e7\u00e3o de contas n\u00e3o recebem a certid\u00e3o de quita\u00e7\u00e3o eleitoral enquanto perdurar a omiss\u00e3o. J\u00e1 os partidos que n\u00e3o prestarem contas podem\u00a0<span id=\"OBJ_PREFIX_DWT6082_com_zimbra_date\"><span id=\"OBJ_PREFIX_DWT6117_com_zimbra_date\"><span id=\"OBJ_PREFIX_DWT191_com_zimbra_date\" role=\"link\">ter<\/span><\/span><\/span>\u00a0suspensa a cota do fundo partid\u00e1rio.<\/p>\n<p>Fonte: Ag\u00eancia Brasil<\/p>\n","protected":false},"excerpt":{"rendered":"<p>O julgamento das contas de campanha do presidente eleito, Jair Bolsonaro, no plen\u00e1rio do Tribunal Superior Eleitoral (TSE), deve ocorrer no pr\u00f3ximo dia\u00a04 de dezembro. A aprova\u00e7\u00e3o \u00e9 necess\u00e1ria para que a diploma\u00e7\u00e3o de Bolsonaro e do vice-presidente eleito, Hamilton Mour\u00e3o, ocorra no dia\u00a010 de dezembro, conforme acertado entre o TSE e a coordena\u00e7\u00e3o da [&hellip;]<\/p>\n","protected":false},"author":96,"featured_media":126442,"comment_status":"closed","ping_status":"closed","sticky":false,"template":"","format":"standard","meta":{"footnotes":""},"categories":[436,440,254,439],"tags":[],"class_list":["post-126475","post","type-post","status-publish","format-standard","has-post-thumbnail","hentry","category-destaque-da-semana","category-destaques-do-dia","category-politica","category-ultima-hora"],"_links":{"self":[{"href":"https:\/\/diarioregionaldigital.com.br\/index.php?rest_route=\/wp\/v2\/posts\/126475","targetHints":{"allow":["GET"]}}],"collection":[{"href":"https:\/\/diarioregionaldigital.com.br\/index.php?rest_route=\/wp\/v2\/posts"}],"about":[{"href":"https:\/\/diarioregionaldigital.com.br\/index.php?rest_route=\/wp\/v2\/types\/post"}],"author":[{"embeddable":true,"href":"https:\/\/diarioregionaldigital.com.br\/index.php?rest_route=\/wp\/v2\/users\/96"}],"replies":[{"embeddable":true,"href":"https:\/\/diarioregionaldigital.com.br\/index.php?rest_route=%2Fwp%2Fv2%2Fcomments&post=126475"}],"version-history":[{"count":0,"href":"https:\/\/diarioregionaldigital.com.br\/index.php?rest_route=\/wp\/v2\/posts\/126475\/revisions"}],"wp:featuredmedia":[{"embeddable":true,"href":"https:\/\/diarioregionaldigital.com.br\/index.php?rest_route=\/wp\/v2\/media\/126442"}],"wp:attachment":[{"href":"https:\/\/diarioregionaldigital.com.br\/index.php?rest_route=%2Fwp%2Fv2%2Fmedia&parent=126475"}],"wp:term":[{"taxonomy":"category","embeddable":true,"href":"https:\/\/diarioregionaldigital.com.br\/index.php?rest_route=%2Fwp%2Fv2%2Fcategories&post=126475"},{"taxonomy":"post_tag","embeddable":true,"href":"https:\/\/diarioregionaldigital.com.br\/index.php?rest_route=%2Fwp%2Fv2%2Ftags&post=126475"}],"curies":[{"name":"wp","href":"https:\/\/api.w.org\/{rel}","templated":true}]}}