{"id":126471,"date":"2018-11-24T08:49:57","date_gmt":"2018-11-24T10:49:57","guid":{"rendered":"https:\/\/diarioregionaldigital.com.br\/?p=126471"},"modified":"2018-11-24T08:52:33","modified_gmt":"2018-11-24T10:52:33","slug":"assaltantes-entram-em-hotel-e-roubam-funcionarios-e-hospedes","status":"publish","type":"post","link":"https:\/\/diarioregionaldigital.com.br\/?p=126471","title":{"rendered":"Assaltantes entram em hotel e roubam funcion\u00e1rios e h\u00f3spedes"},"content":{"rendered":"<p style=\"text-align: left;\">Nessa sexta-feira, tr\u00eas homens foram presos pela Pol\u00edcia Militar ap\u00f3s roubarem um hotel na Rua Halfeld, no Centro de Juiz de Fora. Para praticar o crime, eles entraram no estabelecimento, por volta de 6h, e renderam dois funcion\u00e1rios.<\/p>\n<p>Segundo uma das v\u00edtimas, o recepcionista, de 18 anos, os aassaltantes estavam armados com faca e fac\u00e3o. Dois dos autores entraram no local e roubaram R$84, al\u00e9m de pertences dos funcion\u00e1rios e tamb\u00e9m de hospedes. O terceiro homem, ficou na portaria para dar cobertura.<\/p>\n<p>Ap\u00f3s o crime, eles fugiram, mas foram localizados pela Pol\u00edcia Militar durante rastreamento.<\/p>\n","protected":false},"excerpt":{"rendered":"<p>Nessa sexta-feira, tr\u00eas homens foram presos pela Pol\u00edcia Militar ap\u00f3s roubarem um hotel na Rua Halfeld, no Centro de Juiz de Fora. Para praticar o crime, eles entraram no estabelecimento, por volta de 6h, e renderam dois funcion\u00e1rios. Segundo uma das v\u00edtimas, o recepcionista, de 18 anos, os aassaltantes estavam armados com faca e fac\u00e3o. [&hellip;]<\/p>\n","protected":false},"author":96,"featured_media":95836,"comment_status":"closed","ping_status":"closed","sticky":false,"template":"","format":"standard","meta":{"footnotes":""},"categories":[301],"tags":[],"class_list":["post-126471","post","type-post","status-publish","format-standard","has-post-thumbnail","hentry","category-artigos-policiais"],"_links":{"self":[{"href":"https:\/\/diarioregionaldigital.com.br\/index.php?rest_route=\/wp\/v2\/posts\/126471","targetHints":{"allow":["GET"]}}],"collection":[{"href":"https:\/\/diarioregionaldigital.com.br\/index.php?rest_route=\/wp\/v2\/posts"}],"about":[{"href":"https:\/\/diarioregionaldigital.com.br\/index.php?rest_route=\/wp\/v2\/types\/post"}],"author":[{"embeddable":true,"href":"https:\/\/diarioregionaldigital.com.br\/index.php?rest_route=\/wp\/v2\/users\/96"}],"replies":[{"embeddable":true,"href":"https:\/\/diarioregionaldigital.com.br\/index.php?rest_route=%2Fwp%2Fv2%2Fcomments&post=126471"}],"version-history":[{"count":0,"href":"https:\/\/diarioregionaldigital.com.br\/index.php?rest_route=\/wp\/v2\/posts\/126471\/revisions"}],"wp:featuredmedia":[{"embeddable":true,"href":"https:\/\/diarioregionaldigital.com.br\/index.php?rest_route=\/wp\/v2\/media\/95836"}],"wp:attachment":[{"href":"https:\/\/diarioregionaldigital.com.br\/index.php?rest_route=%2Fwp%2Fv2%2Fmedia&parent=126471"}],"wp:term":[{"taxonomy":"category","embeddable":true,"href":"https:\/\/diarioregionaldigital.com.br\/index.php?rest_route=%2Fwp%2Fv2%2Fcategories&post=126471"},{"taxonomy":"post_tag","embeddable":true,"href":"https:\/\/diarioregionaldigital.com.br\/index.php?rest_route=%2Fwp%2Fv2%2Ftags&post=126471"}],"curies":[{"name":"wp","href":"https:\/\/api.w.org\/{rel}","templated":true}]}}