{"id":126468,"date":"2018-11-24T08:31:43","date_gmt":"2018-11-24T10:31:43","guid":{"rendered":"https:\/\/diarioregionaldigital.com.br\/?p=126468"},"modified":"2018-11-24T08:31:43","modified_gmt":"2018-11-24T10:31:43","slug":"trio-e-preso-pais-assalto-na-regiao-central-de-jf","status":"publish","type":"post","link":"https:\/\/diarioregionaldigital.com.br\/?p=126468","title":{"rendered":"Trio \u00e9 preso pa\u00eds assalto na regi\u00e3o Central de JF"},"content":{"rendered":"<p>Nessa semana, tr\u00eas pessoas foram presas no Centro de Juiz de Fora ap\u00f3s assalto. Uma mulher, de 43 anos, e dois homens, um de 24 e outro de 24 anos, amea\u00e7am e roubaram uma mulher, de 46 anos, na Avenida dos Andradas.<\/p>\n<p>Segundo relato da v\u00edtima \u00e0 Pol\u00edcia Militar (PM), ela passava pelo local, por volta das 6h, quando foi abordada pelos tr\u00eas assaltantes. Eles seguraram a mulher pelo bra\u00e7o e, \u00e0 for\u00e7a, tiraram dela a carteira que carregava. Em seguida, o grupo fugiu.<\/p>\n<p>A PM realizou rastreamento na regi\u00e3o e conseguiu localizar os tr\u00eas autores pr\u00f3ximo ao Mergulh\u00e3o, ainda no Centro. Eles foram presos e encaminhados \u00e0 delegacia.<\/p>\n","protected":false},"excerpt":{"rendered":"<p>Nessa semana, tr\u00eas pessoas foram presas no Centro de Juiz de Fora ap\u00f3s assalto. Uma mulher, de 43 anos, e dois homens, um de 24 e outro de 24 anos, amea\u00e7am e roubaram uma mulher, de 46 anos, na Avenida dos Andradas. Segundo relato da v\u00edtima \u00e0 Pol\u00edcia Militar (PM), ela passava pelo local, por [&hellip;]<\/p>\n","protected":false},"author":96,"featured_media":95836,"comment_status":"closed","ping_status":"closed","sticky":false,"template":"","format":"standard","meta":{"footnotes":""},"categories":[301],"tags":[],"class_list":["post-126468","post","type-post","status-publish","format-standard","has-post-thumbnail","hentry","category-artigos-policiais"],"_links":{"self":[{"href":"https:\/\/diarioregionaldigital.com.br\/index.php?rest_route=\/wp\/v2\/posts\/126468","targetHints":{"allow":["GET"]}}],"collection":[{"href":"https:\/\/diarioregionaldigital.com.br\/index.php?rest_route=\/wp\/v2\/posts"}],"about":[{"href":"https:\/\/diarioregionaldigital.com.br\/index.php?rest_route=\/wp\/v2\/types\/post"}],"author":[{"embeddable":true,"href":"https:\/\/diarioregionaldigital.com.br\/index.php?rest_route=\/wp\/v2\/users\/96"}],"replies":[{"embeddable":true,"href":"https:\/\/diarioregionaldigital.com.br\/index.php?rest_route=%2Fwp%2Fv2%2Fcomments&post=126468"}],"version-history":[{"count":0,"href":"https:\/\/diarioregionaldigital.com.br\/index.php?rest_route=\/wp\/v2\/posts\/126468\/revisions"}],"wp:featuredmedia":[{"embeddable":true,"href":"https:\/\/diarioregionaldigital.com.br\/index.php?rest_route=\/wp\/v2\/media\/95836"}],"wp:attachment":[{"href":"https:\/\/diarioregionaldigital.com.br\/index.php?rest_route=%2Fwp%2Fv2%2Fmedia&parent=126468"}],"wp:term":[{"taxonomy":"category","embeddable":true,"href":"https:\/\/diarioregionaldigital.com.br\/index.php?rest_route=%2Fwp%2Fv2%2Fcategories&post=126468"},{"taxonomy":"post_tag","embeddable":true,"href":"https:\/\/diarioregionaldigital.com.br\/index.php?rest_route=%2Fwp%2Fv2%2Ftags&post=126468"}],"curies":[{"name":"wp","href":"https:\/\/api.w.org\/{rel}","templated":true}]}}