{"id":126390,"date":"2018-11-23T09:28:15","date_gmt":"2018-11-23T11:28:15","guid":{"rendered":"https:\/\/diarioregionaldigital.com.br\/?p=126390"},"modified":"2018-11-24T10:03:26","modified_gmt":"2018-11-24T12:03:26","slug":"black-friday-agita-comercio-em-juiz-de-fora","status":"publish","type":"post","link":"https:\/\/diarioregionaldigital.com.br\/?p=126390","title":{"rendered":"Black Friday agita com\u00e9rcio em Juiz de Fora"},"content":{"rendered":"<p>O centro da cidade de Juiz de Fora, onde fica o cal\u00e7ad\u00e3o da rua Halfeld, principal centro comercial da regi\u00e3o, tem movimenta\u00e7\u00e3o mais intensa que o normal nesta Black Friday.<\/p>\n<p>Diversas lojas locais entraram na onda da Black Friday, prometendo descontos de at\u00e9 70% em diversos produtos. S\u00e3o centenas de promo\u00e7\u00f5es espalhadas nos setores de roupas, acess\u00f3rios, cal\u00e7ados, eletroeletr\u00f4nicos e g\u00eanero aliment\u00edcio. Alguns estabelecimentos chegaram a baixar as portas para convidar a clientela a entrar para conferir as promo\u00e7\u00f5es de perto.<\/p>\n<p><strong>Hist\u00f3ria<\/strong><\/p>\n<p>A Black Friday chegou ao Brasil em 2011 e ano ap\u00f3s ano vem crescendo exponencialmente, batendo recorde de vendas. Diferentemente dos Estados Unidos, local de origem, a Black Friday come\u00e7ou no pa\u00eds como um evento exclusivamente online e que passou para o varejo f\u00edsico e atualmente atinge desde o pequeno at\u00e9 o grande varejista.<\/p>\n","protected":false},"excerpt":{"rendered":"<p>O centro da cidade de Juiz de Fora, onde fica o cal\u00e7ad\u00e3o da rua Halfeld, principal centro comercial da regi\u00e3o, tem movimenta\u00e7\u00e3o mais intensa que o normal nesta Black Friday. Diversas lojas locais entraram na onda da Black Friday, prometendo descontos de at\u00e9 70% em diversos produtos. S\u00e3o centenas de promo\u00e7\u00f5es espalhadas nos setores de [&hellip;]<\/p>\n","protected":false},"author":96,"featured_media":0,"comment_status":"closed","ping_status":"closed","sticky":false,"template":"","format":"standard","meta":{"footnotes":""},"categories":[253,436,439],"tags":[],"class_list":["post-126390","post","type-post","status-publish","format-standard","hentry","category-cidade","category-destaque-da-semana","category-ultima-hora"],"_links":{"self":[{"href":"https:\/\/diarioregionaldigital.com.br\/index.php?rest_route=\/wp\/v2\/posts\/126390","targetHints":{"allow":["GET"]}}],"collection":[{"href":"https:\/\/diarioregionaldigital.com.br\/index.php?rest_route=\/wp\/v2\/posts"}],"about":[{"href":"https:\/\/diarioregionaldigital.com.br\/index.php?rest_route=\/wp\/v2\/types\/post"}],"author":[{"embeddable":true,"href":"https:\/\/diarioregionaldigital.com.br\/index.php?rest_route=\/wp\/v2\/users\/96"}],"replies":[{"embeddable":true,"href":"https:\/\/diarioregionaldigital.com.br\/index.php?rest_route=%2Fwp%2Fv2%2Fcomments&post=126390"}],"version-history":[{"count":0,"href":"https:\/\/diarioregionaldigital.com.br\/index.php?rest_route=\/wp\/v2\/posts\/126390\/revisions"}],"wp:attachment":[{"href":"https:\/\/diarioregionaldigital.com.br\/index.php?rest_route=%2Fwp%2Fv2%2Fmedia&parent=126390"}],"wp:term":[{"taxonomy":"category","embeddable":true,"href":"https:\/\/diarioregionaldigital.com.br\/index.php?rest_route=%2Fwp%2Fv2%2Fcategories&post=126390"},{"taxonomy":"post_tag","embeddable":true,"href":"https:\/\/diarioregionaldigital.com.br\/index.php?rest_route=%2Fwp%2Fv2%2Ftags&post=126390"}],"curies":[{"name":"wp","href":"https:\/\/api.w.org\/{rel}","templated":true}]}}