{"id":126380,"date":"2018-11-23T05:38:59","date_gmt":"2018-11-23T07:38:59","guid":{"rendered":"https:\/\/diarioregionaldigital.com.br\/?p=126380"},"modified":"2018-11-23T09:05:40","modified_gmt":"2018-11-23T11:05:40","slug":"policia-civil-realiza-operacao-luz-na-infancia-em-jf","status":"publish","type":"post","link":"https:\/\/diarioregionaldigital.com.br\/?p=126380","title":{"rendered":"Pol\u00edcia Civil realiza opera\u00e7\u00e3o &#8216;Luz na Inf\u00e2ncia&#8217; em JF"},"content":{"rendered":"<p>Nessa quinta-feira, 22, a Pol\u00edcia Civil de Juiz de Fora participou da terceira fase da opera\u00e7\u00e3o &#8216;Luz na Inf\u00e2ncia&#8217;. O objetivo da a\u00e7\u00e3o \u00e9 apurar crimes relacionados a pornografia infantil.<\/p>\n<p>A opera\u00e7\u00e3o foi deflagrada por todo o pa\u00eds. Em Juiz de Fora, um suspeito foi conduzido, na regi\u00e3o Nordeste da cidade. Foram apreendidos no local, um computador e seis pendrives.<\/p>\n<p>Ap\u00f3s a deten\u00e7\u00e3o, o homem foi liberado por falta de provas. Os materiais ser\u00e3o encaminhados para Belo Horizonte onde ser\u00e3o investigados.<\/p>\n","protected":false},"excerpt":{"rendered":"<p>Nessa quinta-feira, 22, a Pol\u00edcia Civil de Juiz de Fora participou da terceira fase da opera\u00e7\u00e3o &#8216;Luz na Inf\u00e2ncia&#8217;. O objetivo da a\u00e7\u00e3o \u00e9 apurar crimes relacionados a pornografia infantil. A opera\u00e7\u00e3o foi deflagrada por todo o pa\u00eds. Em Juiz de Fora, um suspeito foi conduzido, na regi\u00e3o Nordeste da cidade. Foram apreendidos no local, [&hellip;]<\/p>\n","protected":false},"author":96,"featured_media":0,"comment_status":"closed","ping_status":"closed","sticky":false,"template":"","format":"standard","meta":{"footnotes":""},"categories":[301,436,440,439],"tags":[],"class_list":["post-126380","post","type-post","status-publish","format-standard","hentry","category-artigos-policiais","category-destaque-da-semana","category-destaques-do-dia","category-ultima-hora"],"_links":{"self":[{"href":"https:\/\/diarioregionaldigital.com.br\/index.php?rest_route=\/wp\/v2\/posts\/126380","targetHints":{"allow":["GET"]}}],"collection":[{"href":"https:\/\/diarioregionaldigital.com.br\/index.php?rest_route=\/wp\/v2\/posts"}],"about":[{"href":"https:\/\/diarioregionaldigital.com.br\/index.php?rest_route=\/wp\/v2\/types\/post"}],"author":[{"embeddable":true,"href":"https:\/\/diarioregionaldigital.com.br\/index.php?rest_route=\/wp\/v2\/users\/96"}],"replies":[{"embeddable":true,"href":"https:\/\/diarioregionaldigital.com.br\/index.php?rest_route=%2Fwp%2Fv2%2Fcomments&post=126380"}],"version-history":[{"count":0,"href":"https:\/\/diarioregionaldigital.com.br\/index.php?rest_route=\/wp\/v2\/posts\/126380\/revisions"}],"wp:attachment":[{"href":"https:\/\/diarioregionaldigital.com.br\/index.php?rest_route=%2Fwp%2Fv2%2Fmedia&parent=126380"}],"wp:term":[{"taxonomy":"category","embeddable":true,"href":"https:\/\/diarioregionaldigital.com.br\/index.php?rest_route=%2Fwp%2Fv2%2Fcategories&post=126380"},{"taxonomy":"post_tag","embeddable":true,"href":"https:\/\/diarioregionaldigital.com.br\/index.php?rest_route=%2Fwp%2Fv2%2Ftags&post=126380"}],"curies":[{"name":"wp","href":"https:\/\/api.w.org\/{rel}","templated":true}]}}