{"id":126371,"date":"2018-11-25T00:01:49","date_gmt":"2018-11-25T02:01:49","guid":{"rendered":"https:\/\/diarioregionaldigital.com.br\/?p=126371"},"modified":"2018-11-23T02:00:23","modified_gmt":"2018-11-23T04:00:23","slug":"in-moda-2","status":"publish","type":"post","link":"https:\/\/diarioregionaldigital.com.br\/?p=126371","title":{"rendered":"IN MODA"},"content":{"rendered":"<p><img loading=\"lazy\" decoding=\"async\" class=\"alignnone size-medium wp-image-126377 aligncenter\" src=\"https:\/\/diarioregionaldigital.com.br\/wp-content\/uploads\/2018\/11\/f79acb9e9f0e471be36536d5b389ee94-300x225.jpg\" alt=\"\" width=\"300\" height=\"225\" srcset=\"https:\/\/diarioregionaldigital.com.br\/wp-content\/uploads\/2018\/11\/f79acb9e9f0e471be36536d5b389ee94-300x225.jpg 300w, https:\/\/diarioregionaldigital.com.br\/wp-content\/uploads\/2018\/11\/f79acb9e9f0e471be36536d5b389ee94-360x270.jpg 360w, https:\/\/diarioregionaldigital.com.br\/wp-content\/uploads\/2018\/11\/f79acb9e9f0e471be36536d5b389ee94.jpg 620w\" sizes=\"auto, (max-width: 300px) 100vw, 300px\" \/><\/p>\n<p>&nbsp;<\/p>\n<p><span style=\"font-size: 14pt\"><strong>DIAS DE SOL DIAS DE (MUITA) CHUVA<\/strong><\/span><\/p>\n<p>&nbsp;<\/p>\n<p style=\"text-align: left\"><span style=\"font-size: 14pt\">As varia\u00e7\u00f5es de temperatura continuam! Dias de sol seguidos de dias bem chuvosos! Fora os dias em que h\u00e1 tudo ao mesmo tempo, amanhece frio, abre sol e esfria bem a noite, muitas vezes n\u00e3o d\u00e1 para escapar do efeito cebola, quando vamos tirando e colocando camadas de roupas .\u00a0 O ideal \u00e9 priorizar looks com pe\u00e7as vers\u00e1teis e de tecidos mais\u00a0 adequados como os sint\u00e9ticos. Para os dias mais chuvosos, as doudounes, aqueles casacos bem fofinhos e matelassados de tecido sint\u00e9tico, s\u00e3o \u00f3timas op\u00e7\u00f5es pra encarar a esta\u00e7\u00e3o! Importados do mundo esportivo as doudones ganharam v\u00e1rias vers\u00f5es. \u00c9 quentinha, pr\u00e1tica e f\u00e1cil de levar pra qualquer lugar \u2013 principalmente em viagem, pois n\u00e3o amassa! Garantia de um look moderno, pr\u00e1tico e confort\u00e1vel .<\/span><\/p>\n<p>&nbsp;<\/p>\n<p><img loading=\"lazy\" decoding=\"async\" class=\"size-medium wp-image-126373 aligncenter\" src=\"https:\/\/diarioregionaldigital.com.br\/wp-content\/uploads\/2018\/11\/DIAS-DE-SOL-DIAS-DE-MUITA-CHUVA-200x300.jpg\" alt=\"\" width=\"200\" height=\"300\" srcset=\"https:\/\/diarioregionaldigital.com.br\/wp-content\/uploads\/2018\/11\/DIAS-DE-SOL-DIAS-DE-MUITA-CHUVA-200x300.jpg 200w, https:\/\/diarioregionaldigital.com.br\/wp-content\/uploads\/2018\/11\/DIAS-DE-SOL-DIAS-DE-MUITA-CHUVA.jpg 299w\" sizes=\"auto, (max-width: 200px) 100vw, 200px\" \/><\/p>\n<p>&nbsp;<\/p>\n<p><span style=\"font-size: 14pt\"><strong>RADAR JF<\/strong><\/span><\/p>\n<p><span style=\"font-size: 14pt\"><strong>A Arte De Vestir<\/strong><\/span><\/p>\n<p><span style=\"font-size: 14pt\">\u00daltima chance do ano para participar do curso a Arte de Vestir! O curso funcional de moda acontece dias 30 de novembro e primeiro de dezembro no Ap. Da Moda . Moda, estilo e tend\u00eancias para o seu dia a dia .<\/span><\/p>\n<p><span style=\"font-size: 14pt\"><strong>Espa\u00e7o Luz De Maria <\/strong><\/span><\/p>\n<p><span style=\"font-size: 14pt\">Bebeth Cruz nos preparativos finais para a inaugura\u00e7\u00e3o da nova loja do\u00a0 Espa\u00e7o Luz de Maria no Spazio Design . O arrojado projeto promete surpreender !<\/span><\/p>\n<p><span style=\"font-size: 14pt\"><strong>Guest Fashion<\/strong><\/span><\/p>\n<p><span style=\"font-size: 14pt\">Aline Firjam na contagem regressiva para o\u00a0 Guest Fashion de Natal . O evento acontece de 07 a 09 de dezembro, no Victory Business .<\/span><\/p>\n<p>&nbsp;<\/p>\n<p><span style=\"font-size: 14pt\"><strong>TUDO ESTAMPADO <\/strong><\/span><\/p>\n<p><span style=\"font-size: 14pt\">As estampas s\u00e3o, sem d\u00favida,\u00a0 as grandes protagonistas das cole\u00e7\u00f5es primavera ver\u00e3o ! Tem listras, po\u00e1s, on\u00e7as, cobras\u00a0 florais, para todo lado! O mix de estampas \u00e9 uma ousadia que pode parecer mais ou menos harmoniosa, mas n\u00e3o tem crit\u00e9rio para dizer se est\u00e1 certo ou errado, as escolhas demonstram a sua personalidade e o seu\u00a0 gosto pessoal .<\/span><\/p>\n<p><span style=\"font-size: 14pt\">Para entrar nesta onda preste aten\u00e7\u00e3o nas\u00a0 dicas:<\/span><\/p>\n<p><span style=\"font-size: 14pt\">&#8211; procure padronagens que possuam o mesmo tom de fundo criando um efeito monocrom\u00e1tico, e sempre\u00a0 harmonize o tom das duas estampas , ambas devem ter cores em comum .<\/span><\/p>\n<p><span style=\"font-size: 14pt\">&#8211; considere as listras como estampas neutras , s\u00e3o as mais f\u00e1ceis\u00a0 de combinar , com qualquer outra padronagem\u00a0 .<\/span><\/p>\n<p><span style=\"font-size: 14pt\">&#8211; sugest\u00e3o para iniciantes : listras com floral,\u00a0 ali\u00e1s ,\u00a0 a mistura entre os cl\u00e1ssicos sempre facilita :\u00a0 po\u00e1s mais on\u00e7a , geom\u00e9tricos mais floral , e o mix de\u00a0 estampas de on\u00e7as, leopardos e zebras est\u00e3o\u00a0 fazem muito sucesso !<\/span><\/p>\n<p><img loading=\"lazy\" decoding=\"async\" class=\"alignnone size-medium wp-image-126375 aligncenter\" src=\"https:\/\/diarioregionaldigital.com.br\/wp-content\/uploads\/2018\/11\/TUDO-ESTAMPADO-IMAGEM-1-300x251.jpg\" alt=\"\" width=\"300\" height=\"251\" srcset=\"https:\/\/diarioregionaldigital.com.br\/wp-content\/uploads\/2018\/11\/TUDO-ESTAMPADO-IMAGEM-1-300x251.jpg 300w, https:\/\/diarioregionaldigital.com.br\/wp-content\/uploads\/2018\/11\/TUDO-ESTAMPADO-IMAGEM-1-768x644.jpg 768w, https:\/\/diarioregionaldigital.com.br\/wp-content\/uploads\/2018\/11\/TUDO-ESTAMPADO-IMAGEM-1-360x302.jpg 360w, https:\/\/diarioregionaldigital.com.br\/wp-content\/uploads\/2018\/11\/TUDO-ESTAMPADO-IMAGEM-1.jpg 840w\" sizes=\"auto, (max-width: 300px) 100vw, 300px\" \/><\/p>\n<p>&nbsp;<\/p>\n<p><span style=\"font-size: 14pt\">N\u00e3o existe estampa que n\u00e3o combina com a outra, mas algumas harmonizam mais entre si, se n\u00e3o quiser errar nunca, traga sempre o preto e branco\u00a0 para as composi\u00e7\u00f5es . Voc\u00ea j\u00e1 pode estar utilizando o mix de estampas e nem se deu conta.<\/span><\/p>\n<p>&nbsp;<\/p>\n<p><img loading=\"lazy\" decoding=\"async\" class=\"alignnone size-medium wp-image-126376 aligncenter\" src=\"https:\/\/diarioregionaldigital.com.br\/wp-content\/uploads\/2018\/11\/TUDO-ESTAMPADO-IMAGEM-2-300x218.jpg\" alt=\"\" width=\"300\" height=\"218\" srcset=\"https:\/\/diarioregionaldigital.com.br\/wp-content\/uploads\/2018\/11\/TUDO-ESTAMPADO-IMAGEM-2-300x218.jpg 300w, https:\/\/diarioregionaldigital.com.br\/wp-content\/uploads\/2018\/11\/TUDO-ESTAMPADO-IMAGEM-2-768x557.jpg 768w, https:\/\/diarioregionaldigital.com.br\/wp-content\/uploads\/2018\/11\/TUDO-ESTAMPADO-IMAGEM-2-1024x743.jpg 1024w, https:\/\/diarioregionaldigital.com.br\/wp-content\/uploads\/2018\/11\/TUDO-ESTAMPADO-IMAGEM-2-360x261.jpg 360w, https:\/\/diarioregionaldigital.com.br\/wp-content\/uploads\/2018\/11\/TUDO-ESTAMPADO-IMAGEM-2.jpg 1268w\" sizes=\"auto, (max-width: 300px) 100vw, 300px\" \/><\/p>\n<p>&nbsp;<\/p>\n<p><span style=\"font-size: 14pt\">Outra maneira r\u00e1pida de entrar no clima \u00e9 utilizar os sapatos como ponto da mistura, experimente combinar seu sapato de estampa de on\u00e7a com sua seu look de po\u00e1s, efeito fashion imediato.<\/span><\/p>\n<p><span style=\"font-size: 14pt\"><strong>FASHION NEWS\u00a0\u00a0\u00a0 <\/strong><\/span><\/p>\n<p><span style=\"font-size: 14pt\"><strong>Wired Festival Brasil<\/strong><\/span><\/p>\n<p><span style=\"font-size: 14pt\">No pr\u00f3ximo fim de semana o Rio de Janeiro recebe a 4\u00ba edi\u00e7\u00e3o do Wired Festival Brasil. O evento aborda o que podemos esperar do futuro nos mais diversos segmentos; ser\u00e3o diversas palestras e workshops com profissionais nacionais e internacionais. O evento acontece nos dias 30\/11 e 01\/12 na Casa Fran\u00e7a-Brasil e no Centro Cultural Correios e os ingressos podem ser adquiridos pela internet.<\/span><\/p>\n<p><span style=\"font-size: 14pt\"><strong>\u00a0<\/strong><\/span><\/p>\n<p><span style=\"font-size: 14pt\"><strong>CLICK IN MODA<\/strong><\/span><\/p>\n<p><span style=\"font-size: 14pt\">O click dessa semana traz Lorena Rodrigues com a beleza de Igor Boscato e olhar de Johnny Pio. Em uma produ\u00e7\u00e3o realizada pelo talentoso Diley Almeida, o click d\u00e1 as boas vindas ao ver\u00e3o com mai\u00f4 Aslan e acess\u00f3rios Priscilla Stiebler.<\/span><\/p>\n<p style=\"text-align: center\"><img loading=\"lazy\" decoding=\"async\" class=\"alignnone size-medium wp-image-126374\" src=\"https:\/\/diarioregionaldigital.com.br\/wp-content\/uploads\/2018\/11\/CLICK-IN-MODA-1-200x300.jpg\" alt=\"\" width=\"200\" height=\"300\" srcset=\"https:\/\/diarioregionaldigital.com.br\/wp-content\/uploads\/2018\/11\/CLICK-IN-MODA-1-200x300.jpg 200w, https:\/\/diarioregionaldigital.com.br\/wp-content\/uploads\/2018\/11\/CLICK-IN-MODA-1-768x1152.jpg 768w, https:\/\/diarioregionaldigital.com.br\/wp-content\/uploads\/2018\/11\/CLICK-IN-MODA-1-682x1024.jpg 682w, https:\/\/diarioregionaldigital.com.br\/wp-content\/uploads\/2018\/11\/CLICK-IN-MODA-1-360x540.jpg 360w, https:\/\/diarioregionaldigital.com.br\/wp-content\/uploads\/2018\/11\/CLICK-IN-MODA-1.jpg 853w\" sizes=\"auto, (max-width: 200px) 100vw, 200px\" \/><\/p>\n","protected":false},"excerpt":{"rendered":"<p>&nbsp; DIAS DE SOL DIAS DE (MUITA) CHUVA &nbsp; As varia\u00e7\u00f5es de temperatura continuam! Dias de sol seguidos de dias bem chuvosos! Fora os dias em que h\u00e1 tudo ao mesmo tempo, amanhece frio, abre sol e esfria bem a noite, muitas vezes n\u00e3o d\u00e1 para escapar do efeito cebola, quando vamos tirando e colocando [&hellip;]<\/p>\n","protected":false},"author":96,"featured_media":0,"comment_status":"closed","ping_status":"closed","sticky":false,"template":"","format":"standard","meta":{"footnotes":""},"categories":[285],"tags":[],"class_list":["post-126371","post","type-post","status-publish","format-standard","hentry","category-moda-ana-paula-calixto"],"_links":{"self":[{"href":"https:\/\/diarioregionaldigital.com.br\/index.php?rest_route=\/wp\/v2\/posts\/126371","targetHints":{"allow":["GET"]}}],"collection":[{"href":"https:\/\/diarioregionaldigital.com.br\/index.php?rest_route=\/wp\/v2\/posts"}],"about":[{"href":"https:\/\/diarioregionaldigital.com.br\/index.php?rest_route=\/wp\/v2\/types\/post"}],"author":[{"embeddable":true,"href":"https:\/\/diarioregionaldigital.com.br\/index.php?rest_route=\/wp\/v2\/users\/96"}],"replies":[{"embeddable":true,"href":"https:\/\/diarioregionaldigital.com.br\/index.php?rest_route=%2Fwp%2Fv2%2Fcomments&post=126371"}],"version-history":[{"count":0,"href":"https:\/\/diarioregionaldigital.com.br\/index.php?rest_route=\/wp\/v2\/posts\/126371\/revisions"}],"wp:attachment":[{"href":"https:\/\/diarioregionaldigital.com.br\/index.php?rest_route=%2Fwp%2Fv2%2Fmedia&parent=126371"}],"wp:term":[{"taxonomy":"category","embeddable":true,"href":"https:\/\/diarioregionaldigital.com.br\/index.php?rest_route=%2Fwp%2Fv2%2Fcategories&post=126371"},{"taxonomy":"post_tag","embeddable":true,"href":"https:\/\/diarioregionaldigital.com.br\/index.php?rest_route=%2Fwp%2Fv2%2Ftags&post=126371"}],"curies":[{"name":"wp","href":"https:\/\/api.w.org\/{rel}","templated":true}]}}