{"id":126362,"date":"2018-11-25T06:00:12","date_gmt":"2018-11-25T08:00:12","guid":{"rendered":"https:\/\/diarioregionaldigital.com.br\/?p=126362"},"modified":"2018-11-26T16:42:33","modified_gmt":"2018-11-26T18:42:33","slug":"glamour","status":"publish","type":"post","link":"https:\/\/diarioregionaldigital.com.br\/?p=126362","title":{"rendered":"Glamour"},"content":{"rendered":"<p style=\"text-align: center;\"><strong>Alegria&#8230; Alegria&#8230;<\/strong><\/p>\n<p style=\"text-align: center;\">Preferida de juiz-foranos antenados, a TheWeek, boate LGBT, far\u00e1 uma \u201cmaratona\u201d de cinco festas para o p\u00fablico gay entre 29 de dezembro e 1\u00ba de janeiro. S\u00f3 uma delas ser\u00e1 na boate, as demais em lugares como a Cidade do Samba e o Armazem 6 do p\u00eder, no Rio de Janeiro.<\/p>\n<p style=\"text-align: center;\"><strong>Homenagens<\/strong><\/p>\n<p style=\"text-align: center;\">Tendo como cen\u00e1rio o Plen\u00e1rio do Legislativo, da C\u00e2mara Municipal de Juiz de Fora, o presidente vereador Rodrigo Mattos e demais vereadores e vereadoras, juntamente com o Batuque Afro-Brasileiro de Nelson Silva, convidam para a sess\u00e3o solene de outorga da Medalha Nelson Silva, edi\u00e7\u00e3o 2018. Ser\u00e1 no dia 29 de novembro, \u00e0s 19h30, no Plen\u00e1rio do Legislativo.<\/p>\n<p style=\"text-align: center;\"><strong>Exerc\u00edcios<\/strong><\/p>\n<p style=\"text-align: center;\">A maioria dos jovens da era moderna adoram um treino. A marca Crossfit, t\u00e9cnica de treino americana, j\u00e1 conta com 1.100 unidades no Brasil. Atualmente o Brasil \u00e9 o segundo maior do mundo em n\u00famero de afiliados atr\u00e1s apenas dos EUA. O modelo vem sendo copiado por aqui sem necessariamente ter a chancela do grupo, que precisa ser paga anualmente. No momento a Crossfit emite centenas de cartas por ano para proibir academias de usar a marca indevidamente.<\/p>\n<p style=\"text-align: center;\"><strong>Mem\u00f3rias <\/strong><\/p>\n<p style=\"text-align: center;\">Rodrigo Janot fechou com a editora Planeta a publica\u00e7\u00e3o de seu livro de mem\u00f3rias. Sai em abril de 2019 e vai revelar o que pol\u00edticos fizeram para tentar dissuadi-lo de ir \u00e0 frente com a Lava-Jato. Quem viver, ver\u00e1!<\/p>\n<p style=\"text-align: center;\"><span style=\"font-size: 14pt;\"><strong>Glamour<\/strong><\/span><\/p>\n<p style=\"text-align: center;\">Uma deslumbrante noite foi orquestrada na Est\u00e2ncia Dom Vi\u00e7oso pelos fashionistas Cris B\u00edssoli e Thiago Kadosh para o lan\u00e7amento da Kadosh Models. Um desfile promovido com passarela montada em tapete vermelho, mostrou os novos modelos e manequins com a moda esta\u00e7\u00e3o primavera-ver\u00e3o. Este colunista e a modelo e jornalista J\u00falia Horta comandaram a noite. O fot\u00f3grafo Luiz Henrique registrou momentos para esta coluna.<\/p>\n<div id=\"attachment_126344\" style=\"width: 690px\" class=\"wp-caption aligncenter\"><img loading=\"lazy\" decoding=\"async\" aria-describedby=\"caption-attachment-126344\" class=\"wp-image-126344\" src=\"https:\/\/diarioregionaldigital.com.br\/wp-content\/uploads\/2018\/11\/fotoa-12.jpg\" alt=\"\" width=\"680\" height=\"453\" srcset=\"https:\/\/diarioregionaldigital.com.br\/wp-content\/uploads\/2018\/11\/fotoa-12.jpg 960w, https:\/\/diarioregionaldigital.com.br\/wp-content\/uploads\/2018\/11\/fotoa-12-300x200.jpg 300w, https:\/\/diarioregionaldigital.com.br\/wp-content\/uploads\/2018\/11\/fotoa-12-768x511.jpg 768w, https:\/\/diarioregionaldigital.com.br\/wp-content\/uploads\/2018\/11\/fotoa-12-360x240.jpg 360w\" sizes=\"auto, (max-width: 680px) 100vw, 680px\" \/><p id=\"caption-attachment-126344\" class=\"wp-caption-text\">Emiliana C\u00e2ndido, Cris Bissoli, Thiago Kadosh, Isadora Sabino e Luciano de Castro<\/p><\/div>\n<div id=\"attachment_126345\" style=\"width: 690px\" class=\"wp-caption aligncenter\"><img loading=\"lazy\" decoding=\"async\" aria-describedby=\"caption-attachment-126345\" class=\"wp-image-126345\" src=\"https:\/\/diarioregionaldigital.com.br\/wp-content\/uploads\/2018\/11\/fotob-13.jpg\" alt=\"\" width=\"680\" height=\"454\" srcset=\"https:\/\/diarioregionaldigital.com.br\/wp-content\/uploads\/2018\/11\/fotob-13.jpg 1770w, https:\/\/diarioregionaldigital.com.br\/wp-content\/uploads\/2018\/11\/fotob-13-300x200.jpg 300w, https:\/\/diarioregionaldigital.com.br\/wp-content\/uploads\/2018\/11\/fotob-13-768x513.jpg 768w, https:\/\/diarioregionaldigital.com.br\/wp-content\/uploads\/2018\/11\/fotob-13-1024x684.jpg 1024w, https:\/\/diarioregionaldigital.com.br\/wp-content\/uploads\/2018\/11\/fotob-13-360x240.jpg 360w\" sizes=\"auto, (max-width: 680px) 100vw, 680px\" \/><p id=\"caption-attachment-126345\" class=\"wp-caption-text\">Alessandra Resende, Rodrigo Bissoli, Fabiano Bissoli, Cris Bissoli, Eduardo Gomes e Nat\u00e1lia Brum<\/p><\/div>\n<div id=\"attachment_126346\" style=\"width: 690px\" class=\"wp-caption aligncenter\"><img loading=\"lazy\" decoding=\"async\" aria-describedby=\"caption-attachment-126346\" class=\"wp-image-126346\" src=\"https:\/\/diarioregionaldigital.com.br\/wp-content\/uploads\/2018\/11\/fotoc-12.jpg\" alt=\"\" width=\"680\" height=\"453\" srcset=\"https:\/\/diarioregionaldigital.com.br\/wp-content\/uploads\/2018\/11\/fotoc-12.jpg 2048w, https:\/\/diarioregionaldigital.com.br\/wp-content\/uploads\/2018\/11\/fotoc-12-300x200.jpg 300w, https:\/\/diarioregionaldigital.com.br\/wp-content\/uploads\/2018\/11\/fotoc-12-768x512.jpg 768w, https:\/\/diarioregionaldigital.com.br\/wp-content\/uploads\/2018\/11\/fotoc-12-1024x683.jpg 1024w, https:\/\/diarioregionaldigital.com.br\/wp-content\/uploads\/2018\/11\/fotoc-12-360x240.jpg 360w\" sizes=\"auto, (max-width: 680px) 100vw, 680px\" \/><p id=\"caption-attachment-126346\" class=\"wp-caption-text\">Dudu Calixto, Mariana Citroli, Mayara Francklin, Cris Bissoli e Luciano de Castro<\/p><\/div>\n<div id=\"attachment_126347\" style=\"width: 690px\" class=\"wp-caption aligncenter\"><img loading=\"lazy\" decoding=\"async\" aria-describedby=\"caption-attachment-126347\" class=\"wp-image-126347\" src=\"https:\/\/diarioregionaldigital.com.br\/wp-content\/uploads\/2018\/11\/fotod-10-e1542927467144.jpg\" alt=\"\" width=\"680\" height=\"491\" srcset=\"https:\/\/diarioregionaldigital.com.br\/wp-content\/uploads\/2018\/11\/fotod-10-e1542927467144.jpg 496w, https:\/\/diarioregionaldigital.com.br\/wp-content\/uploads\/2018\/11\/fotod-10-e1542927467144-300x217.jpg 300w, https:\/\/diarioregionaldigital.com.br\/wp-content\/uploads\/2018\/11\/fotod-10-e1542927467144-360x260.jpg 360w\" sizes=\"auto, (max-width: 680px) 100vw, 680px\" \/><p id=\"caption-attachment-126347\" class=\"wp-caption-text\">Maycon Mazette e Gabih Canali<\/p><\/div>\n<div id=\"attachment_126348\" style=\"width: 690px\" class=\"wp-caption aligncenter\"><img loading=\"lazy\" decoding=\"async\" aria-describedby=\"caption-attachment-126348\" class=\"wp-image-126348\" src=\"https:\/\/diarioregionaldigital.com.br\/wp-content\/uploads\/2018\/11\/fotoe-12-e1542927487753.jpg\" alt=\"\" width=\"680\" height=\"533\" srcset=\"https:\/\/diarioregionaldigital.com.br\/wp-content\/uploads\/2018\/11\/fotoe-12-e1542927487753.jpg 459w, https:\/\/diarioregionaldigital.com.br\/wp-content\/uploads\/2018\/11\/fotoe-12-e1542927487753-300x235.jpg 300w, https:\/\/diarioregionaldigital.com.br\/wp-content\/uploads\/2018\/11\/fotoe-12-e1542927487753-360x282.jpg 360w\" sizes=\"auto, (max-width: 680px) 100vw, 680px\" \/><p id=\"caption-attachment-126348\" class=\"wp-caption-text\">Rosenberg Frizeiro e Carol Guedes<\/p><\/div>\n<div id=\"attachment_126349\" style=\"width: 690px\" class=\"wp-caption aligncenter\"><img loading=\"lazy\" decoding=\"async\" aria-describedby=\"caption-attachment-126349\" class=\"wp-image-126349\" src=\"https:\/\/diarioregionaldigital.com.br\/wp-content\/uploads\/2018\/11\/fotof-11.jpg\" alt=\"\" width=\"680\" height=\"453\" srcset=\"https:\/\/diarioregionaldigital.com.br\/wp-content\/uploads\/2018\/11\/fotof-11.jpg 2048w, https:\/\/diarioregionaldigital.com.br\/wp-content\/uploads\/2018\/11\/fotof-11-300x200.jpg 300w, https:\/\/diarioregionaldigital.com.br\/wp-content\/uploads\/2018\/11\/fotof-11-768x512.jpg 768w, https:\/\/diarioregionaldigital.com.br\/wp-content\/uploads\/2018\/11\/fotof-11-1024x683.jpg 1024w, https:\/\/diarioregionaldigital.com.br\/wp-content\/uploads\/2018\/11\/fotof-11-360x240.jpg 360w\" sizes=\"auto, (max-width: 680px) 100vw, 680px\" \/><p id=\"caption-attachment-126349\" class=\"wp-caption-text\">Lisle Spinelli, Claudia David, Cris Bissoli e Grace Albuquerque<\/p><\/div>\n<div id=\"attachment_126350\" style=\"width: 690px\" class=\"wp-caption aligncenter\"><img loading=\"lazy\" decoding=\"async\" aria-describedby=\"caption-attachment-126350\" class=\"wp-image-126350\" src=\"https:\/\/diarioregionaldigital.com.br\/wp-content\/uploads\/2018\/11\/fotog-11-e1542927794444.jpg\" alt=\"\" width=\"680\" height=\"464\" srcset=\"https:\/\/diarioregionaldigital.com.br\/wp-content\/uploads\/2018\/11\/fotog-11-e1542927794444.jpg 3668w, https:\/\/diarioregionaldigital.com.br\/wp-content\/uploads\/2018\/11\/fotog-11-e1542927794444-300x205.jpg 300w, https:\/\/diarioregionaldigital.com.br\/wp-content\/uploads\/2018\/11\/fotog-11-e1542927794444-768x524.jpg 768w, https:\/\/diarioregionaldigital.com.br\/wp-content\/uploads\/2018\/11\/fotog-11-e1542927794444-1024x698.jpg 1024w, https:\/\/diarioregionaldigital.com.br\/wp-content\/uploads\/2018\/11\/fotog-11-e1542927794444-360x245.jpg 360w\" sizes=\"auto, (max-width: 680px) 100vw, 680px\" \/><p id=\"caption-attachment-126350\" class=\"wp-caption-text\">O fot\u00f3grafo Luiz Henrique<\/p><\/div>\n<div id=\"attachment_126351\" style=\"width: 690px\" class=\"wp-caption aligncenter\"><img loading=\"lazy\" decoding=\"async\" aria-describedby=\"caption-attachment-126351\" class=\"wp-image-126351\" src=\"https:\/\/diarioregionaldigital.com.br\/wp-content\/uploads\/2018\/11\/fotoh-11-e1542927264258.jpg\" alt=\"\" width=\"680\" height=\"530\" srcset=\"https:\/\/diarioregionaldigital.com.br\/wp-content\/uploads\/2018\/11\/fotoh-11-e1542927264258.jpg 640w, https:\/\/diarioregionaldigital.com.br\/wp-content\/uploads\/2018\/11\/fotoh-11-e1542927264258-300x234.jpg 300w, https:\/\/diarioregionaldigital.com.br\/wp-content\/uploads\/2018\/11\/fotoh-11-e1542927264258-360x281.jpg 360w\" sizes=\"auto, (max-width: 680px) 100vw, 680px\" \/><p id=\"caption-attachment-126351\" class=\"wp-caption-text\">A modelo Anthoely Vieira<\/p><\/div>\n<div id=\"attachment_126352\" style=\"width: 690px\" class=\"wp-caption aligncenter\"><img loading=\"lazy\" decoding=\"async\" aria-describedby=\"caption-attachment-126352\" class=\"wp-image-126352\" src=\"https:\/\/diarioregionaldigital.com.br\/wp-content\/uploads\/2018\/11\/fotoi-11.jpg\" alt=\"\" width=\"680\" height=\"453\" srcset=\"https:\/\/diarioregionaldigital.com.br\/wp-content\/uploads\/2018\/11\/fotoi-11.jpg 2048w, https:\/\/diarioregionaldigital.com.br\/wp-content\/uploads\/2018\/11\/fotoi-11-300x200.jpg 300w, https:\/\/diarioregionaldigital.com.br\/wp-content\/uploads\/2018\/11\/fotoi-11-768x512.jpg 768w, https:\/\/diarioregionaldigital.com.br\/wp-content\/uploads\/2018\/11\/fotoi-11-1024x683.jpg 1024w, https:\/\/diarioregionaldigital.com.br\/wp-content\/uploads\/2018\/11\/fotoi-11-360x240.jpg 360w\" sizes=\"auto, (max-width: 680px) 100vw, 680px\" \/><p id=\"caption-attachment-126352\" class=\"wp-caption-text\">Jhonathan, Thiago Kadosh, Solimara Zacarias e Cris Bissoli<\/p><\/div>\n<div id=\"attachment_126354\" style=\"width: 690px\" class=\"wp-caption aligncenter\"><img loading=\"lazy\" decoding=\"async\" aria-describedby=\"caption-attachment-126354\" class=\"wp-image-126354\" src=\"https:\/\/diarioregionaldigital.com.br\/wp-content\/uploads\/2018\/11\/fotoj-11.jpg\" alt=\"\" width=\"680\" height=\"453\" srcset=\"https:\/\/diarioregionaldigital.com.br\/wp-content\/uploads\/2018\/11\/fotoj-11.jpg 2048w, https:\/\/diarioregionaldigital.com.br\/wp-content\/uploads\/2018\/11\/fotoj-11-300x200.jpg 300w, https:\/\/diarioregionaldigital.com.br\/wp-content\/uploads\/2018\/11\/fotoj-11-768x512.jpg 768w, https:\/\/diarioregionaldigital.com.br\/wp-content\/uploads\/2018\/11\/fotoj-11-1024x683.jpg 1024w, https:\/\/diarioregionaldigital.com.br\/wp-content\/uploads\/2018\/11\/fotoj-11-360x240.jpg 360w\" sizes=\"auto, (max-width: 680px) 100vw, 680px\" \/><p id=\"caption-attachment-126354\" class=\"wp-caption-text\">Rafael Bissoli, J\u00falia Horta e Cris Bissoli<\/p><\/div>\n<div id=\"attachment_126355\" style=\"width: 690px\" class=\"wp-caption aligncenter\"><img loading=\"lazy\" decoding=\"async\" aria-describedby=\"caption-attachment-126355\" class=\"wp-image-126355\" src=\"https:\/\/diarioregionaldigital.com.br\/wp-content\/uploads\/2018\/11\/fotol-5.jpg\" alt=\"\" width=\"680\" height=\"453\" srcset=\"https:\/\/diarioregionaldigital.com.br\/wp-content\/uploads\/2018\/11\/fotol-5.jpg 2048w, https:\/\/diarioregionaldigital.com.br\/wp-content\/uploads\/2018\/11\/fotol-5-300x200.jpg 300w, https:\/\/diarioregionaldigital.com.br\/wp-content\/uploads\/2018\/11\/fotol-5-768x512.jpg 768w, https:\/\/diarioregionaldigital.com.br\/wp-content\/uploads\/2018\/11\/fotol-5-1024x683.jpg 1024w, https:\/\/diarioregionaldigital.com.br\/wp-content\/uploads\/2018\/11\/fotol-5-360x240.jpg 360w\" sizes=\"auto, (max-width: 680px) 100vw, 680px\" \/><p id=\"caption-attachment-126355\" class=\"wp-caption-text\">Thiago Kadosh, L\u00e9o Peixoto e Cris Bissoli<\/p><\/div>\n<div id=\"attachment_126356\" style=\"width: 690px\" class=\"wp-caption aligncenter\"><img loading=\"lazy\" decoding=\"async\" aria-describedby=\"caption-attachment-126356\" class=\"wp-image-126356\" src=\"https:\/\/diarioregionaldigital.com.br\/wp-content\/uploads\/2018\/11\/fotom-2.jpg\" alt=\"\" width=\"680\" height=\"453\" srcset=\"https:\/\/diarioregionaldigital.com.br\/wp-content\/uploads\/2018\/11\/fotom-2.jpg 960w, https:\/\/diarioregionaldigital.com.br\/wp-content\/uploads\/2018\/11\/fotom-2-300x200.jpg 300w, https:\/\/diarioregionaldigital.com.br\/wp-content\/uploads\/2018\/11\/fotom-2-768x511.jpg 768w, https:\/\/diarioregionaldigital.com.br\/wp-content\/uploads\/2018\/11\/fotom-2-360x240.jpg 360w\" sizes=\"auto, (max-width: 680px) 100vw, 680px\" \/><p id=\"caption-attachment-126356\" class=\"wp-caption-text\">Milena Souza e Cris Bissoli<\/p><\/div>\n<div id=\"attachment_126357\" style=\"width: 690px\" class=\"wp-caption aligncenter\"><img loading=\"lazy\" decoding=\"async\" aria-describedby=\"caption-attachment-126357\" class=\"wp-image-126357\" src=\"https:\/\/diarioregionaldigital.com.br\/wp-content\/uploads\/2018\/11\/foton-1.jpg\" alt=\"\" width=\"680\" height=\"453\" srcset=\"https:\/\/diarioregionaldigital.com.br\/wp-content\/uploads\/2018\/11\/foton-1.jpg 2048w, https:\/\/diarioregionaldigital.com.br\/wp-content\/uploads\/2018\/11\/foton-1-300x200.jpg 300w, https:\/\/diarioregionaldigital.com.br\/wp-content\/uploads\/2018\/11\/foton-1-768x512.jpg 768w, https:\/\/diarioregionaldigital.com.br\/wp-content\/uploads\/2018\/11\/foton-1-1024x683.jpg 1024w, https:\/\/diarioregionaldigital.com.br\/wp-content\/uploads\/2018\/11\/foton-1-360x240.jpg 360w\" sizes=\"auto, (max-width: 680px) 100vw, 680px\" \/><p id=\"caption-attachment-126357\" class=\"wp-caption-text\">Erika Megma, Cris Bissoli e Patr\u00edcia Juliani<\/p><\/div>\n<div id=\"attachment_126358\" style=\"width: 690px\" class=\"wp-caption aligncenter\"><img loading=\"lazy\" decoding=\"async\" aria-describedby=\"caption-attachment-126358\" class=\"wp-image-126358\" src=\"https:\/\/diarioregionaldigital.com.br\/wp-content\/uploads\/2018\/11\/fotoo-2.jpg\" alt=\"\" width=\"680\" height=\"453\" srcset=\"https:\/\/diarioregionaldigital.com.br\/wp-content\/uploads\/2018\/11\/fotoo-2.jpg 2048w, https:\/\/diarioregionaldigital.com.br\/wp-content\/uploads\/2018\/11\/fotoo-2-300x200.jpg 300w, https:\/\/diarioregionaldigital.com.br\/wp-content\/uploads\/2018\/11\/fotoo-2-768x512.jpg 768w, https:\/\/diarioregionaldigital.com.br\/wp-content\/uploads\/2018\/11\/fotoo-2-1024x683.jpg 1024w, https:\/\/diarioregionaldigital.com.br\/wp-content\/uploads\/2018\/11\/fotoo-2-360x240.jpg 360w\" sizes=\"auto, (max-width: 680px) 100vw, 680px\" \/><p id=\"caption-attachment-126358\" class=\"wp-caption-text\">Larissa Castro Bless, Thiago Kadosh e Cris Bissoli<\/p><\/div>\n<div id=\"attachment_126360\" style=\"width: 690px\" class=\"wp-caption aligncenter\"><img loading=\"lazy\" decoding=\"async\" aria-describedby=\"caption-attachment-126360\" class=\"wp-image-126360\" src=\"https:\/\/diarioregionaldigital.com.br\/wp-content\/uploads\/2018\/11\/fotop-e1542927391132.jpg\" alt=\"\" width=\"680\" height=\"443\" srcset=\"https:\/\/diarioregionaldigital.com.br\/wp-content\/uploads\/2018\/11\/fotop-e1542927391132.jpg 1365w, https:\/\/diarioregionaldigital.com.br\/wp-content\/uploads\/2018\/11\/fotop-e1542927391132-300x196.jpg 300w, https:\/\/diarioregionaldigital.com.br\/wp-content\/uploads\/2018\/11\/fotop-e1542927391132-768x501.jpg 768w, https:\/\/diarioregionaldigital.com.br\/wp-content\/uploads\/2018\/11\/fotop-e1542927391132-1024x668.jpg 1024w, https:\/\/diarioregionaldigital.com.br\/wp-content\/uploads\/2018\/11\/fotop-e1542927391132-360x235.jpg 360w\" sizes=\"auto, (max-width: 680px) 100vw, 680px\" \/><p id=\"caption-attachment-126360\" class=\"wp-caption-text\">Thiago Kadosh, Manoel Rezende, Cris Bissoli<\/p><\/div>\n<div id=\"attachment_126361\" style=\"width: 690px\" class=\"wp-caption aligncenter\"><img loading=\"lazy\" decoding=\"async\" aria-describedby=\"caption-attachment-126361\" class=\"wp-image-126361\" src=\"https:\/\/diarioregionaldigital.com.br\/wp-content\/uploads\/2018\/11\/fotoq-1-e1542927432524.jpg\" alt=\"\" width=\"680\" height=\"548\" srcset=\"https:\/\/diarioregionaldigital.com.br\/wp-content\/uploads\/2018\/11\/fotoq-1-e1542927432524.jpg 1365w, https:\/\/diarioregionaldigital.com.br\/wp-content\/uploads\/2018\/11\/fotoq-1-e1542927432524-300x242.jpg 300w, https:\/\/diarioregionaldigital.com.br\/wp-content\/uploads\/2018\/11\/fotoq-1-e1542927432524-768x619.jpg 768w, https:\/\/diarioregionaldigital.com.br\/wp-content\/uploads\/2018\/11\/fotoq-1-e1542927432524-1024x825.jpg 1024w, https:\/\/diarioregionaldigital.com.br\/wp-content\/uploads\/2018\/11\/fotoq-1-e1542927432524-360x290.jpg 360w\" sizes=\"auto, (max-width: 680px) 100vw, 680px\" \/><p id=\"caption-attachment-126361\" class=\"wp-caption-text\">Os Bissoli, Fabiano, Cris e Ana Carolina<\/p><\/div>\n<p style=\"text-align: center;\"><strong>FOTOSS\u00cdNTESE<\/strong><\/p>\n<p>Em ritmo de as \u00e1guas v\u00e3o rolar, ser\u00e1 no dia 15 de dezembro mais uma edi\u00e7\u00e3o da festa ?Donde est\u00e1s Corazon? Ser\u00e1 na Danke Club, \u00e0s 23h, com o tom musical da banda Zona Blue, DJs Pedro Camacho e Raquel Terere. A produ\u00e7\u00e3o \u00e9 do antenado Celinho Vidal.<\/p>\n<p>Dentro da Campanha de Conscientiza\u00e7\u00e3o no Tr\u00e2nsito, em Juiz de Fora, uma das dicas \u00e9 n\u00e3o usar celular enquanto estiver dirigindo.<\/p>\n<p>Ant\u00f4nio Bravo comemora o quinto lugar geral no Campeonato de Triathlon, no Rio de Janeiro.<\/p>\n<p>Organizado pelo coletivo JF &#8211; Fotogr\u00e1fico a primeira edi\u00e7\u00e3o do Festival de Fotografia de Juiz de Fora est\u00e1 em exposi\u00e7\u00e3o at\u00e9 22 de dezembro, no Museu Ferrovi\u00e1rio, no Centro Cultural Bernardo Mascarenhas (CCBM). Dentro expositores, trabalhos de Tete Lima, Cust\u00f3dio Coimbra e Thiago Britto.<\/p>\n<p>Continua em cartaz no Memorial da Rep\u00fablica Presidente Itamar Franco durante o m\u00eas de novembro a mostra de fotografias de Luciano Lima J\u00fanior \u201cA\u00e7\u00e3o do Instante\u201d.<\/p>\n<p>Membro da Liga de Escritores, Ilustradores e Autores de Juiz de Fora, a poeta Luciane Fontes brilha intensamente com seu lado escritora e psic\u00f3loga nas linhas de \u201cLivros na estante\u201d.<\/p>\n<p>Em momento cr\u00edtico no pa\u00eds, o Instituto Nacional do Seguro Social (INSS) realiza, no dia 28, leil\u00e3o p\u00fablico de im\u00f3veis localizados na regi\u00e3o central de Juiz de Fora. A oferta acontecer\u00e1 na sede da Superintend\u00eancia Regional do INSS, localizada em Belo Horizonte (MG).<\/p>\n<p>Reunindo gente talentosa, bonita e elegante, o encerramento da 4\u00aa edi\u00e7\u00e3o da Casa Design-JF, teve tom musical do DJ Darlan que colocou todas para dan\u00e7ar em uma animada pista de dan\u00e7a.<\/p>\n<p>Foi inaugurada em Uberaba o Bahamas Mix \u2013 a 48\u00aa loja da rede e a 11\u00aa do Tri\u00e2ngulo. A diretoria do Grupo Bahamas, com Jovino Campos e Paulo Roberto Lopes, marcou presen\u00e7a.<\/p>\n<p>O R\u00e9veillon do Trade Hotel vai bombar!<\/p>\n<p>Para lembrar sempre: Seu sorriso \u00e9 um insulto para quem torce por suas l\u00e1grimas. Bom dia!<\/p>\n","protected":false},"excerpt":{"rendered":"<p>Alegria&#8230; Alegria&#8230; Preferida de juiz-foranos antenados, a TheWeek, boate LGBT, far\u00e1 uma \u201cmaratona\u201d de cinco festas para o p\u00fablico gay entre 29 de dezembro e 1\u00ba de janeiro. S\u00f3 uma delas ser\u00e1 na boate, as demais em lugares como a Cidade do Samba e o Armazem 6 do p\u00eder, no Rio de Janeiro. Homenagens Tendo [&hellip;]<\/p>\n","protected":false},"author":96,"featured_media":126344,"comment_status":"closed","ping_status":"closed","sticky":false,"template":"","format":"standard","meta":{"footnotes":""},"categories":[264],"tags":[],"class_list":["post-126362","post","type-post","status-publish","format-standard","has-post-thumbnail","hentry","category-eduardo-gomes"],"_links":{"self":[{"href":"https:\/\/diarioregionaldigital.com.br\/index.php?rest_route=\/wp\/v2\/posts\/126362","targetHints":{"allow":["GET"]}}],"collection":[{"href":"https:\/\/diarioregionaldigital.com.br\/index.php?rest_route=\/wp\/v2\/posts"}],"about":[{"href":"https:\/\/diarioregionaldigital.com.br\/index.php?rest_route=\/wp\/v2\/types\/post"}],"author":[{"embeddable":true,"href":"https:\/\/diarioregionaldigital.com.br\/index.php?rest_route=\/wp\/v2\/users\/96"}],"replies":[{"embeddable":true,"href":"https:\/\/diarioregionaldigital.com.br\/index.php?rest_route=%2Fwp%2Fv2%2Fcomments&post=126362"}],"version-history":[{"count":0,"href":"https:\/\/diarioregionaldigital.com.br\/index.php?rest_route=\/wp\/v2\/posts\/126362\/revisions"}],"wp:featuredmedia":[{"embeddable":true,"href":"https:\/\/diarioregionaldigital.com.br\/index.php?rest_route=\/wp\/v2\/media\/126344"}],"wp:attachment":[{"href":"https:\/\/diarioregionaldigital.com.br\/index.php?rest_route=%2Fwp%2Fv2%2Fmedia&parent=126362"}],"wp:term":[{"taxonomy":"category","embeddable":true,"href":"https:\/\/diarioregionaldigital.com.br\/index.php?rest_route=%2Fwp%2Fv2%2Fcategories&post=126362"},{"taxonomy":"post_tag","embeddable":true,"href":"https:\/\/diarioregionaldigital.com.br\/index.php?rest_route=%2Fwp%2Fv2%2Ftags&post=126362"}],"curies":[{"name":"wp","href":"https:\/\/api.w.org\/{rel}","templated":true}]}}