{"id":126332,"date":"2018-11-23T06:00:07","date_gmt":"2018-11-23T08:00:07","guid":{"rendered":"https:\/\/diarioregionaldigital.com.br\/?p=126332"},"modified":"2018-11-23T00:03:30","modified_gmt":"2018-11-23T02:03:30","slug":"trofeu-josino-aragao","status":"publish","type":"post","link":"https:\/\/diarioregionaldigital.com.br\/?p=126332","title":{"rendered":"Trof\u00e9u Josino Arag\u00e3o"},"content":{"rendered":"<p style=\"text-align: center;\"><strong>Natal<\/strong><\/p>\n<p style=\"text-align: center;\">Ap\u00f3s a ceia em fam\u00edlia ou com amigos, o povo bonito de Juiz de Fora tem encontro no Natal do Privil\u00e8ge com os DJ\u2019s irm\u00e3os Schimidt Dubdogz. A festa \u2013 que j\u00e1 virou tradi\u00e7\u00e3o em JF \u2013 come\u00e7a a partir da 1h (ap\u00f3s a ceia) para celebrar com todos, com boa m\u00fasica na pista sem hora para acabar.<\/p>\n<p style=\"text-align: center;\"><strong>Olha S\u00f3<\/strong><\/p>\n<p style=\"text-align: center;\">O deputado Eduardo Bolsonaro participar\u00e1, no dia 27 de novembro, de almo\u00e7o com empres\u00e1rios no Brasil \u2013 U.S Business Council, em Washington.<\/p>\n<p style=\"text-align: center;\"><strong>Exposi\u00e7\u00e3o <\/strong><\/p>\n<p style=\"text-align: center;\">Foi inaugurada, na Galeria de Arte do Forum da Cultura UFJF, uma mostra de \u201cEstudos em Cer\u00e2mica dos Alunos do Instituto de Arte e Design da UFJF. A exposi\u00e7\u00e3o organizada pela professora Sandra Sato nos presenteia com obras desenvolvidas por alunos do curso de Artes e Design da UFJF, na disciplina de Ateli\u00ea de Cer\u00e2micas. Os artistas ficaram livres para escolher o tema, mas h\u00e1 a predomin\u00e2ncia da anatomia em grande parte das obras.<\/p>\n<p style=\"text-align: center;\"><span style=\"font-size: 14pt;\"><strong>Trof\u00e9u Josino Arag\u00e3o<\/strong><\/span><\/p>\n<p style=\"text-align: center;\">Tendo como cen\u00e1rio o MHall, ser\u00e1 realizada nesta sexta-feira, 23, a noite de entrega do \u201cTrof\u00e9u Josino Arag\u00e3o\u201d em sua 3\u00aa edi\u00e7\u00e3o, promovida pelo Sircom. Pessoas e personalidades ser\u00e3o homenageadas pela contribui\u00e7\u00e3o.<\/p>\n<div id=\"attachment_126313\" style=\"width: 690px\" class=\"wp-caption aligncenter\"><img loading=\"lazy\" decoding=\"async\" aria-describedby=\"caption-attachment-126313\" class=\"wp-image-126313\" src=\"https:\/\/diarioregionaldigital.com.br\/wp-content\/uploads\/2018\/11\/fotoa-11-e1542925042314.jpg\" alt=\"\" width=\"680\" height=\"521\" srcset=\"https:\/\/diarioregionaldigital.com.br\/wp-content\/uploads\/2018\/11\/fotoa-11-e1542925042314.jpg 717w, https:\/\/diarioregionaldigital.com.br\/wp-content\/uploads\/2018\/11\/fotoa-11-e1542925042314-300x230.jpg 300w, https:\/\/diarioregionaldigital.com.br\/wp-content\/uploads\/2018\/11\/fotoa-11-e1542925042314-360x276.jpg 360w\" sizes=\"auto, (max-width: 680px) 100vw, 680px\" \/><p id=\"caption-attachment-126313\" class=\"wp-caption-text\">A elegante Lenise Pires da \u00d3tica Juiz de Fora festejando a anivers\u00e1rio deste colunista hoje, 23, estreando \u00f3culos novo<\/p><\/div>\n<div id=\"attachment_126314\" style=\"width: 690px\" class=\"wp-caption aligncenter\"><img loading=\"lazy\" decoding=\"async\" aria-describedby=\"caption-attachment-126314\" class=\"wp-image-126314\" src=\"https:\/\/diarioregionaldigital.com.br\/wp-content\/uploads\/2018\/11\/fotob-12.jpg\" alt=\"\" width=\"680\" height=\"459\" srcset=\"https:\/\/diarioregionaldigital.com.br\/wp-content\/uploads\/2018\/11\/fotob-12.jpg 1752w, https:\/\/diarioregionaldigital.com.br\/wp-content\/uploads\/2018\/11\/fotob-12-300x202.jpg 300w, https:\/\/diarioregionaldigital.com.br\/wp-content\/uploads\/2018\/11\/fotob-12-768x518.jpg 768w, https:\/\/diarioregionaldigital.com.br\/wp-content\/uploads\/2018\/11\/fotob-12-1024x691.jpg 1024w, https:\/\/diarioregionaldigital.com.br\/wp-content\/uploads\/2018\/11\/fotob-12-360x243.jpg 360w\" sizes=\"auto, (max-width: 680px) 100vw, 680px\" \/><p id=\"caption-attachment-126314\" class=\"wp-caption-text\">Mulheres empoderadas, Josiane Bittar Maria Carolina Rodrigues e Gilmara Delgado Rocha (festejando anivers\u00e1rio hoje)<\/p><\/div>\n<div id=\"attachment_126315\" style=\"width: 690px\" class=\"wp-caption aligncenter\"><img loading=\"lazy\" decoding=\"async\" aria-describedby=\"caption-attachment-126315\" class=\"wp-image-126315\" src=\"https:\/\/diarioregionaldigital.com.br\/wp-content\/uploads\/2018\/11\/fotoc-11-e1542925158967.jpg\" alt=\"\" width=\"680\" height=\"519\" srcset=\"https:\/\/diarioregionaldigital.com.br\/wp-content\/uploads\/2018\/11\/fotoc-11-e1542925158967.jpg 720w, https:\/\/diarioregionaldigital.com.br\/wp-content\/uploads\/2018\/11\/fotoc-11-e1542925158967-300x229.jpg 300w, https:\/\/diarioregionaldigital.com.br\/wp-content\/uploads\/2018\/11\/fotoc-11-e1542925158967-360x275.jpg 360w\" sizes=\"auto, (max-width: 680px) 100vw, 680px\" \/><p id=\"caption-attachment-126315\" class=\"wp-caption-text\">Curtindo a primavera, a bonita Lidiane Stambassi<\/p><\/div>\n<div id=\"attachment_126316\" style=\"width: 690px\" class=\"wp-caption aligncenter\"><img loading=\"lazy\" decoding=\"async\" aria-describedby=\"caption-attachment-126316\" class=\"wp-image-126316\" src=\"https:\/\/diarioregionaldigital.com.br\/wp-content\/uploads\/2018\/11\/fotod-9.jpg\" alt=\"\" width=\"680\" height=\"453\" srcset=\"https:\/\/diarioregionaldigital.com.br\/wp-content\/uploads\/2018\/11\/fotod-9.jpg 960w, https:\/\/diarioregionaldigital.com.br\/wp-content\/uploads\/2018\/11\/fotod-9-300x200.jpg 300w, https:\/\/diarioregionaldigital.com.br\/wp-content\/uploads\/2018\/11\/fotod-9-768x512.jpg 768w, https:\/\/diarioregionaldigital.com.br\/wp-content\/uploads\/2018\/11\/fotod-9-360x240.jpg 360w\" sizes=\"auto, (max-width: 680px) 100vw, 680px\" \/><p id=\"caption-attachment-126316\" class=\"wp-caption-text\">Ilustres visitando esta coluna social, Alo\u00edsio Vasconcellos, C\u00e9lio Chagas, M\u00f4nica Chagas e Guilherme Duarte<\/p><\/div>\n<div id=\"attachment_126317\" style=\"width: 690px\" class=\"wp-caption aligncenter\"><img loading=\"lazy\" decoding=\"async\" aria-describedby=\"caption-attachment-126317\" class=\"wp-image-126317\" src=\"https:\/\/diarioregionaldigital.com.br\/wp-content\/uploads\/2018\/11\/fotoe-11.jpg\" alt=\"\" width=\"680\" height=\"455\" srcset=\"https:\/\/diarioregionaldigital.com.br\/wp-content\/uploads\/2018\/11\/fotoe-11.jpg 1758w, https:\/\/diarioregionaldigital.com.br\/wp-content\/uploads\/2018\/11\/fotoe-11-300x201.jpg 300w, https:\/\/diarioregionaldigital.com.br\/wp-content\/uploads\/2018\/11\/fotoe-11-768x514.jpg 768w, https:\/\/diarioregionaldigital.com.br\/wp-content\/uploads\/2018\/11\/fotoe-11-1024x685.jpg 1024w, https:\/\/diarioregionaldigital.com.br\/wp-content\/uploads\/2018\/11\/fotoe-11-360x241.jpg 360w\" sizes=\"auto, (max-width: 680px) 100vw, 680px\" \/><p id=\"caption-attachment-126317\" class=\"wp-caption-text\">No Bar da F\u00e1brica, gente querida, Sandra Portella, Marc\u00edlio Gomes e Margareth Brito<\/p><\/div>\n<div id=\"attachment_126318\" style=\"width: 690px\" class=\"wp-caption aligncenter\"><img loading=\"lazy\" decoding=\"async\" aria-describedby=\"caption-attachment-126318\" class=\"wp-image-126318\" src=\"https:\/\/diarioregionaldigital.com.br\/wp-content\/uploads\/2018\/11\/fotof-10-e1542925185981.jpg\" alt=\"\" width=\"680\" height=\"560\" srcset=\"https:\/\/diarioregionaldigital.com.br\/wp-content\/uploads\/2018\/11\/fotof-10-e1542925185981.jpg 717w, https:\/\/diarioregionaldigital.com.br\/wp-content\/uploads\/2018\/11\/fotof-10-e1542925185981-300x247.jpg 300w, https:\/\/diarioregionaldigital.com.br\/wp-content\/uploads\/2018\/11\/fotof-10-e1542925185981-220x180.jpg 220w, https:\/\/diarioregionaldigital.com.br\/wp-content\/uploads\/2018\/11\/fotof-10-e1542925185981-360x296.jpg 360w\" sizes=\"auto, (max-width: 680px) 100vw, 680px\" \/><p id=\"caption-attachment-126318\" class=\"wp-caption-text\">Fam\u00edlia Gomes hoje festejando este colunista, o irm\u00e3o Ricardo Gomes e sobrinhos netos, Nicole e Arthur Gomes<\/p><\/div>\n<div id=\"attachment_126319\" style=\"width: 690px\" class=\"wp-caption aligncenter\"><img loading=\"lazy\" decoding=\"async\" aria-describedby=\"caption-attachment-126319\" class=\"wp-image-126319\" src=\"https:\/\/diarioregionaldigital.com.br\/wp-content\/uploads\/2018\/11\/fotog-10-e1542925111334.jpg\" alt=\"\" width=\"680\" height=\"519\" srcset=\"https:\/\/diarioregionaldigital.com.br\/wp-content\/uploads\/2018\/11\/fotog-10-e1542925111334.jpg 720w, https:\/\/diarioregionaldigital.com.br\/wp-content\/uploads\/2018\/11\/fotog-10-e1542925111334-300x229.jpg 300w, https:\/\/diarioregionaldigital.com.br\/wp-content\/uploads\/2018\/11\/fotog-10-e1542925111334-360x275.jpg 360w\" sizes=\"auto, (max-width: 680px) 100vw, 680px\" \/><p id=\"caption-attachment-126319\" class=\"wp-caption-text\">Elegantes na Casa Design, Teresa Cristina D\u2019 Assun\u00e7\u00e3o, Rog\u00e9rio e Cristina Mansur<\/p><\/div>\n<div id=\"attachment_126321\" style=\"width: 690px\" class=\"wp-caption aligncenter\"><img loading=\"lazy\" decoding=\"async\" aria-describedby=\"caption-attachment-126321\" class=\"wp-image-126321\" src=\"https:\/\/diarioregionaldigital.com.br\/wp-content\/uploads\/2018\/11\/fotoi-10.jpg\" alt=\"\" width=\"680\" height=\"510\" srcset=\"https:\/\/diarioregionaldigital.com.br\/wp-content\/uploads\/2018\/11\/fotoi-10.jpg 960w, https:\/\/diarioregionaldigital.com.br\/wp-content\/uploads\/2018\/11\/fotoi-10-300x225.jpg 300w, https:\/\/diarioregionaldigital.com.br\/wp-content\/uploads\/2018\/11\/fotoi-10-768x576.jpg 768w, https:\/\/diarioregionaldigital.com.br\/wp-content\/uploads\/2018\/11\/fotoi-10-360x270.jpg 360w\" sizes=\"auto, (max-width: 680px) 100vw, 680px\" \/><p id=\"caption-attachment-126321\" class=\"wp-caption-text\">Na reinaugura\u00e7\u00e3o da Discovery Models, Raony Ribeiro, Crys Santos e Alisson Luis<\/p><\/div>\n<div id=\"attachment_126322\" style=\"width: 690px\" class=\"wp-caption aligncenter\"><img loading=\"lazy\" decoding=\"async\" aria-describedby=\"caption-attachment-126322\" class=\"wp-image-126322\" src=\"https:\/\/diarioregionaldigital.com.br\/wp-content\/uploads\/2018\/11\/fotoj-10.jpg\" alt=\"\" width=\"680\" height=\"455\" srcset=\"https:\/\/diarioregionaldigital.com.br\/wp-content\/uploads\/2018\/11\/fotoj-10.jpg 1758w, https:\/\/diarioregionaldigital.com.br\/wp-content\/uploads\/2018\/11\/fotoj-10-300x201.jpg 300w, https:\/\/diarioregionaldigital.com.br\/wp-content\/uploads\/2018\/11\/fotoj-10-768x514.jpg 768w, https:\/\/diarioregionaldigital.com.br\/wp-content\/uploads\/2018\/11\/fotoj-10-1024x685.jpg 1024w, https:\/\/diarioregionaldigital.com.br\/wp-content\/uploads\/2018\/11\/fotoj-10-360x241.jpg 360w\" sizes=\"auto, (max-width: 680px) 100vw, 680px\" \/><p id=\"caption-attachment-126322\" class=\"wp-caption-text\">Em Buenos Aires, o querido casal Bruno da Nogueira e Elis\u00e2ngela Nogueira<\/p><\/div>\n<div id=\"attachment_126324\" style=\"width: 690px\" class=\"wp-caption aligncenter\"><img loading=\"lazy\" decoding=\"async\" aria-describedby=\"caption-attachment-126324\" class=\"wp-image-126324\" src=\"https:\/\/diarioregionaldigital.com.br\/wp-content\/uploads\/2018\/11\/fotom-1-e1542925266872.jpg\" alt=\"\" width=\"680\" height=\"639\" srcset=\"https:\/\/diarioregionaldigital.com.br\/wp-content\/uploads\/2018\/11\/fotom-1-e1542925266872.jpg 1170w, https:\/\/diarioregionaldigital.com.br\/wp-content\/uploads\/2018\/11\/fotom-1-e1542925266872-300x282.jpg 300w, https:\/\/diarioregionaldigital.com.br\/wp-content\/uploads\/2018\/11\/fotom-1-e1542925266872-768x722.jpg 768w, https:\/\/diarioregionaldigital.com.br\/wp-content\/uploads\/2018\/11\/fotom-1-e1542925266872-1024x963.jpg 1024w, https:\/\/diarioregionaldigital.com.br\/wp-content\/uploads\/2018\/11\/fotom-1-e1542925266872-360x338.jpg 360w\" sizes=\"auto, (max-width: 680px) 100vw, 680px\" \/><p id=\"caption-attachment-126324\" class=\"wp-caption-text\">Brindando este colunista no Trade Hotel, Jo\u00e3o Tavares e Rosenberg Frizeiro<\/p><\/div>\n<div id=\"attachment_126326\" style=\"width: 690px\" class=\"wp-caption aligncenter\"><img loading=\"lazy\" decoding=\"async\" aria-describedby=\"caption-attachment-126326\" class=\"wp-image-126326\" src=\"https:\/\/diarioregionaldigital.com.br\/wp-content\/uploads\/2018\/11\/fotoo-1.jpg\" alt=\"\" width=\"680\" height=\"454\" srcset=\"https:\/\/diarioregionaldigital.com.br\/wp-content\/uploads\/2018\/11\/fotoo-1.jpg 550w, https:\/\/diarioregionaldigital.com.br\/wp-content\/uploads\/2018\/11\/fotoo-1-300x200.jpg 300w, https:\/\/diarioregionaldigital.com.br\/wp-content\/uploads\/2018\/11\/fotoo-1-360x240.jpg 360w\" sizes=\"auto, (max-width: 680px) 100vw, 680px\" \/><p id=\"caption-attachment-126326\" class=\"wp-caption-text\">Mulheres chiques no Trade Hotel, Irene Barros e Florinha Carmo<\/p><\/div>\n<div id=\"attachment_126328\" style=\"width: 690px\" class=\"wp-caption aligncenter\"><img loading=\"lazy\" decoding=\"async\" aria-describedby=\"caption-attachment-126328\" class=\"wp-image-126328\" src=\"https:\/\/diarioregionaldigital.com.br\/wp-content\/uploads\/2018\/11\/fotoq-e1542925233855.jpg\" alt=\"\" width=\"680\" height=\"462\" srcset=\"https:\/\/diarioregionaldigital.com.br\/wp-content\/uploads\/2018\/11\/fotoq-e1542925233855.jpg 957w, https:\/\/diarioregionaldigital.com.br\/wp-content\/uploads\/2018\/11\/fotoq-e1542925233855-300x204.jpg 300w, https:\/\/diarioregionaldigital.com.br\/wp-content\/uploads\/2018\/11\/fotoq-e1542925233855-768x522.jpg 768w, https:\/\/diarioregionaldigital.com.br\/wp-content\/uploads\/2018\/11\/fotoq-e1542925233855-360x245.jpg 360w\" sizes=\"auto, (max-width: 680px) 100vw, 680px\" \/><p id=\"caption-attachment-126328\" class=\"wp-caption-text\">Homens de atitude do Direito, Daniel Giotti de Paula e Francisco Nicolau Domingos<\/p><\/div>\n<div id=\"attachment_126329\" style=\"width: 690px\" class=\"wp-caption aligncenter\"><img loading=\"lazy\" decoding=\"async\" aria-describedby=\"caption-attachment-126329\" class=\"wp-image-126329\" src=\"https:\/\/diarioregionaldigital.com.br\/wp-content\/uploads\/2018\/11\/fotor-e1542925294525.jpg\" alt=\"\" width=\"680\" height=\"626\" srcset=\"https:\/\/diarioregionaldigital.com.br\/wp-content\/uploads\/2018\/11\/fotor-e1542925294525.jpg 779w, https:\/\/diarioregionaldigital.com.br\/wp-content\/uploads\/2018\/11\/fotor-e1542925294525-300x276.jpg 300w, https:\/\/diarioregionaldigital.com.br\/wp-content\/uploads\/2018\/11\/fotor-e1542925294525-768x707.jpg 768w, https:\/\/diarioregionaldigital.com.br\/wp-content\/uploads\/2018\/11\/fotor-e1542925294525-360x331.jpg 360w\" sizes=\"auto, (max-width: 680px) 100vw, 680px\" \/><p id=\"caption-attachment-126329\" class=\"wp-caption-text\">Atra\u00e7\u00e3o hoje, 23, no Teatro do Espa\u00e7o Mascarenhas, os talentosos Alexandre Pereira e Tayna Ferreira<\/p><\/div>\n<div id=\"attachment_126331\" style=\"width: 690px\" class=\"wp-caption aligncenter\"><img loading=\"lazy\" decoding=\"async\" aria-describedby=\"caption-attachment-126331\" class=\"wp-image-126331\" src=\"https:\/\/diarioregionaldigital.com.br\/wp-content\/uploads\/2018\/11\/foto2.jpg\" alt=\"\" width=\"680\" height=\"457\" srcset=\"https:\/\/diarioregionaldigital.com.br\/wp-content\/uploads\/2018\/11\/foto2.jpg 1758w, https:\/\/diarioregionaldigital.com.br\/wp-content\/uploads\/2018\/11\/foto2-300x202.jpg 300w, https:\/\/diarioregionaldigital.com.br\/wp-content\/uploads\/2018\/11\/foto2-768x516.jpg 768w, https:\/\/diarioregionaldigital.com.br\/wp-content\/uploads\/2018\/11\/foto2-1024x688.jpg 1024w, https:\/\/diarioregionaldigital.com.br\/wp-content\/uploads\/2018\/11\/foto2-360x242.jpg 360w\" sizes=\"auto, (max-width: 680px) 100vw, 680px\" \/><p id=\"caption-attachment-126331\" class=\"wp-caption-text\">Aniversariando no s\u00e1bado, 24, o fot\u00f3grafo de Betim (MG), Jeison Costa<\/p><\/div>\n<div id=\"attachment_126323\" style=\"width: 690px\" class=\"wp-caption aligncenter\"><img loading=\"lazy\" decoding=\"async\" aria-describedby=\"caption-attachment-126323\" class=\"wp-image-126323\" src=\"https:\/\/diarioregionaldigital.com.br\/wp-content\/uploads\/2018\/11\/fotol-4.jpg\" alt=\"\" width=\"680\" height=\"453\" srcset=\"https:\/\/diarioregionaldigital.com.br\/wp-content\/uploads\/2018\/11\/fotol-4.jpg 1764w, https:\/\/diarioregionaldigital.com.br\/wp-content\/uploads\/2018\/11\/fotol-4-300x200.jpg 300w, https:\/\/diarioregionaldigital.com.br\/wp-content\/uploads\/2018\/11\/fotol-4-768x512.jpg 768w, https:\/\/diarioregionaldigital.com.br\/wp-content\/uploads\/2018\/11\/fotol-4-1024x683.jpg 1024w, https:\/\/diarioregionaldigital.com.br\/wp-content\/uploads\/2018\/11\/fotol-4-360x240.jpg 360w\" sizes=\"auto, (max-width: 680px) 100vw, 680px\" \/><p id=\"caption-attachment-126323\" class=\"wp-caption-text\">No Bar do Chico festejando este colunista, Erika Beire, Bruno QSuco e Beto Souza<\/p><\/div>\n<p style=\"text-align: center;\"><strong>FOTOSS\u00cdNTESE<\/strong><\/p>\n<p>Hoje, 23 de novembro, \u00e9 meu anivers\u00e1rio. Sagitariano convicto n\u00e3o tenho nada a reclamar, s\u00f3 agradecer a Deus por viver tantos anos nesta circunfer\u00eancia chamada Terra.<\/p>\n<p>O Clube Ol\u00edmpico vai estremecer no s\u00e1bado, 24, com a super-festa Lux\u00faria, com muito brilho e glamour. A escala\u00e7\u00e3o top de DJ\u2019s vem com DJ Stevix, Eduardo Brava, Gabriel Quit\u00e9rio, Joffre, F\u00e1bio Larroque, Alex Lisboa. A produ\u00e7\u00e3o \u00e9 de L\u00e9o Phisico. Censura 18 anos.<\/p>\n<p>A bonita e elegante Helenise Machado aniversariou dia 15, mas comemora in petit comit\u00e9 no s\u00e1bado, 24, no Eldorado. Hoje, ela estar\u00e1 apresentando o \u201cTrofeu Josino Arag\u00e3o\u201d, ao lado de Pablo Bresan Zanchetta, \u00e0s 20h, no MHall, a convite do Sircom.<\/p>\n<p>No s\u00e1bado, 24, tem Flash Back dos anos 70, 80, com o DJ Coldhans Queiros na ASE. Vai bombar.<\/p>\n<p>O Castelo de Itaipava vai estar todo iluminado no dia 29 de novembro, para o evento Mister Brasil Tur 2018. O vencedor ganhar\u00e1 uma viagem para Las Vegas e 5 mil reais em dinheiro.<\/p>\n<p>Para o r\u00e9veillon da Locanda Della Mimosa, em Itaipava, a banda Black Tie e o DJ Vitor Ventura ir\u00e3o dar o tom musical.<\/p>\n<p>Ser\u00e1 na Associa\u00e7\u00e3o Portuguesa, de 12h \u00e0s 20h, a Feijoada Cultural. No palco, Sandra Portella, grupo Estilo e a rapaziada do Samba. Coordena\u00e7\u00e3o de Negro B\u00fassola.<\/p>\n<p>Talentosos e lindos Alexandre Pereira e Taysa Ferreira estrelam nesta 6\u00aa feira, 23, \u00e0s 20h30, no Centro Cultural Bernardo Mascarenhas, a Radionovela \u201cOlhar de Paix\u00e3o\u201d. No elenco, Felipe Vargas, Daniel dos Santos e Marcus Amaral. Ingressos na M\u00fasicas e Arte by Janine Ambr\u00f3sio e na bilheteria do teatro. Imperd\u00edvel.<\/p>\n<p>Alex Petrato criou pe\u00e7as lindas em mesas, cadeiras e lustres em madeira para a Feira Conex\u00e3o Design. T\u00e1 um luxo s\u00f3.<\/p>\n<p>Aniversariando na sexta-feira, 23, a bonita ex-aluna do Jesu\u00edtas e formada em Enfermagem pela UFJF, Elisa Marsicano. Parab\u00e9ns.<\/p>\n<p>Para diluir: Eleg\u00e2ncia \u00e9 algo que a gente carrega, n\u00e3o veste! Bom dia.<\/p>\n","protected":false},"excerpt":{"rendered":"<p>Natal Ap\u00f3s a ceia em fam\u00edlia ou com amigos, o povo bonito de Juiz de Fora tem encontro no Natal do Privil\u00e8ge com os DJ\u2019s irm\u00e3os Schimidt Dubdogz. A festa \u2013 que j\u00e1 virou tradi\u00e7\u00e3o em JF \u2013 come\u00e7a a partir da 1h (ap\u00f3s a ceia) para celebrar com todos, com boa m\u00fasica na pista [&hellip;]<\/p>\n","protected":false},"author":96,"featured_media":126313,"comment_status":"closed","ping_status":"closed","sticky":false,"template":"","format":"standard","meta":{"footnotes":""},"categories":[264],"tags":[],"class_list":["post-126332","post","type-post","status-publish","format-standard","has-post-thumbnail","hentry","category-eduardo-gomes"],"_links":{"self":[{"href":"https:\/\/diarioregionaldigital.com.br\/index.php?rest_route=\/wp\/v2\/posts\/126332","targetHints":{"allow":["GET"]}}],"collection":[{"href":"https:\/\/diarioregionaldigital.com.br\/index.php?rest_route=\/wp\/v2\/posts"}],"about":[{"href":"https:\/\/diarioregionaldigital.com.br\/index.php?rest_route=\/wp\/v2\/types\/post"}],"author":[{"embeddable":true,"href":"https:\/\/diarioregionaldigital.com.br\/index.php?rest_route=\/wp\/v2\/users\/96"}],"replies":[{"embeddable":true,"href":"https:\/\/diarioregionaldigital.com.br\/index.php?rest_route=%2Fwp%2Fv2%2Fcomments&post=126332"}],"version-history":[{"count":0,"href":"https:\/\/diarioregionaldigital.com.br\/index.php?rest_route=\/wp\/v2\/posts\/126332\/revisions"}],"wp:featuredmedia":[{"embeddable":true,"href":"https:\/\/diarioregionaldigital.com.br\/index.php?rest_route=\/wp\/v2\/media\/126313"}],"wp:attachment":[{"href":"https:\/\/diarioregionaldigital.com.br\/index.php?rest_route=%2Fwp%2Fv2%2Fmedia&parent=126332"}],"wp:term":[{"taxonomy":"category","embeddable":true,"href":"https:\/\/diarioregionaldigital.com.br\/index.php?rest_route=%2Fwp%2Fv2%2Fcategories&post=126332"},{"taxonomy":"post_tag","embeddable":true,"href":"https:\/\/diarioregionaldigital.com.br\/index.php?rest_route=%2Fwp%2Fv2%2Ftags&post=126332"}],"curies":[{"name":"wp","href":"https:\/\/api.w.org\/{rel}","templated":true}]}}