{"id":126308,"date":"2018-11-23T06:00:22","date_gmt":"2018-11-23T08:00:22","guid":{"rendered":"https:\/\/diarioregionaldigital.com.br\/?p=126308"},"modified":"2018-11-23T00:04:18","modified_gmt":"2018-11-23T02:04:18","slug":"projeto-ajuda-adolescentes-de-escolas-publicas-a-entender-o-sistema-prisional-e-a-profissao-do-agente-penitenciario","status":"publish","type":"post","link":"https:\/\/diarioregionaldigital.com.br\/?p=126308","title":{"rendered":"Projeto ajuda adolescentes de escolas p\u00fablicas a entender o sistema prisional e a profiss\u00e3o do Agente Penitenci\u00e1rio"},"content":{"rendered":"<p>Agentes penitenci\u00e1rios do Centro de Remanejamento do Sistema Prisional (CERESP) desenvolvem um projeto social com objetivo de ampliar o conhecimento sobre o sistema prisional e popularizar a profiss\u00e3o de Agente Penitenci\u00e1rio, esclarecendo as poss\u00edveis d\u00favidas e os mitos relacionados a esse meio.<\/p>\n<p>O projeto idealizado pelos agentes Anderson Baggeto e F\u00e1bio Trindade \u00e9 feito com palestras em escolas p\u00fablicas para abordar o assunto junto aos adolescentes. De acordo com Trindade, parte da popula\u00e7\u00e3o desconhece a atua\u00e7\u00e3o dos Agentes Penitenci\u00e1rios e esse tamb\u00e9m foi um dos motivos que despertou a ideia dedar in\u00edcio ao projeto. \u201cVemos v\u00e1rios profissionais indo\u00e0s escolas na semana da profiss\u00e3o e n\u00e3o h\u00e1 nada sobre o Agente. Percebemos at\u00e9 mesmo atrav\u00e9s de pessoas de nossas fam\u00edlias que muitos n\u00e3o conhecem nosso trabalho e t\u00eam uma vis\u00e3o errada de como atuamos, acreditando que somos aquele agente como \u00e9 mostrado na fic\u00e7\u00e3o, aquela pessoa \u2018truculenta\u2019. Pesquisamos muito e decidimos levar at\u00e9 \u00e0s escolas\u201d, explica.<\/p>\n<p>O projeto existe desde agosto deste ano e \u00e9 desenvolvido com alunos do ensino m\u00e9dio, com idade variando entre 15 e 18 anos. Baggeto explica que a escolha por esse p\u00fablico veio de percep\u00e7\u00e3o da quantidade de pessoas nesta idade envolvidas com o crime. \u201cN\u00f3s que trabalhamos no Sistema Prisional vemos a quantidade de jovens que tem l\u00e1, muito acabam de completar 18 anos e s\u00e3o presos.A nossa ideia \u00e9 conscientizar esse p\u00fablico mostrando as consequ\u00eancias do envolvimento com drogas e a\u00e7\u00f5es ilegais\u201d, explica.<\/p>\n<p>Entre os temas abordados est\u00e3o assuntos relacionados \u00e0 profiss\u00e3o em geral, a super lota\u00e7\u00e3o nos pres\u00eddios, funcionamento das pris\u00f5es locais, qual \u00e9 o perfil dos detentos, a tem\u00e1tica das drogas e outros t\u00f3picos. \u201cUma das perguntas frequentes que recebemos \u00e9 se temos medo de trabalhar com presos. Alguns perguntam tamb\u00e9m sobre viol\u00eancia, se usamos sempre da for\u00e7a para lidar com os presos e explicamos que a 90% dos casos conseguimos resolver apenas conversando\u201d, comenta Trindade.Assuntos relacionados a Direitos Humanos tamb\u00e9m s\u00e3o frequentes durante os encontros. \u201cQuando abordamos a Constitui\u00e7\u00e3o os alunos ficam maravilhados, muitos n\u00e3o sabem os direitos que possuem. Eles perguntam tamb\u00e9m sobre como agir diante de situa\u00e7\u00f5es como roubo ou furto\u201d, disse.<\/p>\n<p>Desde o surgimento do projeto os agentes Baggeto e Trindade j\u00e1 estiveram presentes em 9 escolas da cidade. \u201cOs alunos se interessam bastante, fazem perguntas inteligentes. \u00c9 um tema que muitos t\u00eam contato seja por amigos ou familiares\u201d, disse Trindade. Ao longo da conversa, os agentes buscam mostrar aos alunos e presentes nas palestras que a educa\u00e7\u00e3o \u00e9 a melhor escolha para um futuro melhor. \u201cAo final das palestras n\u00f3s doamos livros que recebemos de amigos e familiares. Sempre antes de encerrar n\u00f3s refor\u00e7amos que quanto mais educa\u00e7\u00e3o tivermos, menos pessoas teremos presas\u201d, finaliza Baggeto.<\/p>\n","protected":false},"excerpt":{"rendered":"<p>Agentes penitenci\u00e1rios do Centro de Remanejamento do Sistema Prisional (CERESP) desenvolvem um projeto social com objetivo de ampliar o conhecimento sobre o sistema prisional e popularizar a profiss\u00e3o de Agente Penitenci\u00e1rio, esclarecendo as poss\u00edveis d\u00favidas e os mitos relacionados a esse meio. O projeto idealizado pelos agentes Anderson Baggeto e F\u00e1bio Trindade \u00e9 feito com [&hellip;]<\/p>\n","protected":false},"author":96,"featured_media":126309,"comment_status":"closed","ping_status":"closed","sticky":false,"template":"","format":"standard","meta":{"footnotes":""},"categories":[253,436,440,439],"tags":[],"class_list":["post-126308","post","type-post","status-publish","format-standard","has-post-thumbnail","hentry","category-cidade","category-destaque-da-semana","category-destaques-do-dia","category-ultima-hora"],"_links":{"self":[{"href":"https:\/\/diarioregionaldigital.com.br\/index.php?rest_route=\/wp\/v2\/posts\/126308","targetHints":{"allow":["GET"]}}],"collection":[{"href":"https:\/\/diarioregionaldigital.com.br\/index.php?rest_route=\/wp\/v2\/posts"}],"about":[{"href":"https:\/\/diarioregionaldigital.com.br\/index.php?rest_route=\/wp\/v2\/types\/post"}],"author":[{"embeddable":true,"href":"https:\/\/diarioregionaldigital.com.br\/index.php?rest_route=\/wp\/v2\/users\/96"}],"replies":[{"embeddable":true,"href":"https:\/\/diarioregionaldigital.com.br\/index.php?rest_route=%2Fwp%2Fv2%2Fcomments&post=126308"}],"version-history":[{"count":0,"href":"https:\/\/diarioregionaldigital.com.br\/index.php?rest_route=\/wp\/v2\/posts\/126308\/revisions"}],"wp:featuredmedia":[{"embeddable":true,"href":"https:\/\/diarioregionaldigital.com.br\/index.php?rest_route=\/wp\/v2\/media\/126309"}],"wp:attachment":[{"href":"https:\/\/diarioregionaldigital.com.br\/index.php?rest_route=%2Fwp%2Fv2%2Fmedia&parent=126308"}],"wp:term":[{"taxonomy":"category","embeddable":true,"href":"https:\/\/diarioregionaldigital.com.br\/index.php?rest_route=%2Fwp%2Fv2%2Fcategories&post=126308"},{"taxonomy":"post_tag","embeddable":true,"href":"https:\/\/diarioregionaldigital.com.br\/index.php?rest_route=%2Fwp%2Fv2%2Ftags&post=126308"}],"curies":[{"name":"wp","href":"https:\/\/api.w.org\/{rel}","templated":true}]}}