{"id":126302,"date":"2018-11-22T17:27:43","date_gmt":"2018-11-22T19:27:43","guid":{"rendered":"https:\/\/diarioregionaldigital.com.br\/?p=126302"},"modified":"2018-11-22T17:27:43","modified_gmt":"2018-11-22T19:27:43","slug":"definidos-os-comandos-da-caixa-do-banco-do-brasil-e-do-ipea","status":"publish","type":"post","link":"https:\/\/diarioregionaldigital.com.br\/?p=126302","title":{"rendered":"Definidos os comandos da Caixa, do Banco do Brasil e do Ipea"},"content":{"rendered":"<p>A equipe econ\u00f4mica do governo do presidente eleito, Jair Bolsonaro, definiu os nomes para presidir o Banco do Brasil, a Caixa Econ\u00f4mica Federal e o Instituto de Pesquisa Econ\u00f4mica Aplicada (Ipea), segundo uma fonte da equipe de transi\u00e7\u00e3o. O an\u00fancio oficial deve ser feito ainda nesta quinta-feira, 22, ap\u00f3s o fechamento do mercado financeiro.<\/p>\n<p>Para o Banco do Brasil, foi escolhido o professor da Funda\u00e7\u00e3o Getulio Vargas (FGV) Rubem de Freitas Novaes, que \u00e9 doutor em economia pela Universidade de Chicago, nos Estados Unidos, a mesma institui\u00e7\u00e3o em que Paulo Guedes concluiu seu doutorado. Novaes tamb\u00e9m j\u00e1 foi diretor do Banco Nacional de Desenvolvimento Econ\u00f4mico e Social (BNDES).<\/p>\n<p>A Caixa Econ\u00f4mica Federal ser\u00e1 presidida pelo economista Pedro Guimar\u00e3es. Ele \u00e9 s\u00f3cio do banco de investimentos Brasil Plural e tem longa atua\u00e7\u00e3o no setor financeiro.<\/p>\n<p>J\u00e1 o Ipea ser\u00e1 comandado por Carlos Von Doellinger, economista da Universidade Federal do Rio de Janeiro (UFRJ), que integra a equipe de transi\u00e7\u00e3o de governo.<\/p>\n<p>Fonte: Ag\u00eancia Brasil<\/p>\n","protected":false},"excerpt":{"rendered":"<p>A equipe econ\u00f4mica do governo do presidente eleito, Jair Bolsonaro, definiu os nomes para presidir o Banco do Brasil, a Caixa Econ\u00f4mica Federal e o Instituto de Pesquisa Econ\u00f4mica Aplicada (Ipea), segundo uma fonte da equipe de transi\u00e7\u00e3o. O an\u00fancio oficial deve ser feito ainda nesta quinta-feira, 22, ap\u00f3s o fechamento do mercado financeiro. Para [&hellip;]<\/p>\n","protected":false},"author":96,"featured_media":97343,"comment_status":"closed","ping_status":"closed","sticky":false,"template":"","format":"standard","meta":{"footnotes":""},"categories":[436,254,439],"tags":[],"class_list":["post-126302","post","type-post","status-publish","format-standard","has-post-thumbnail","hentry","category-destaque-da-semana","category-politica","category-ultima-hora"],"_links":{"self":[{"href":"https:\/\/diarioregionaldigital.com.br\/index.php?rest_route=\/wp\/v2\/posts\/126302","targetHints":{"allow":["GET"]}}],"collection":[{"href":"https:\/\/diarioregionaldigital.com.br\/index.php?rest_route=\/wp\/v2\/posts"}],"about":[{"href":"https:\/\/diarioregionaldigital.com.br\/index.php?rest_route=\/wp\/v2\/types\/post"}],"author":[{"embeddable":true,"href":"https:\/\/diarioregionaldigital.com.br\/index.php?rest_route=\/wp\/v2\/users\/96"}],"replies":[{"embeddable":true,"href":"https:\/\/diarioregionaldigital.com.br\/index.php?rest_route=%2Fwp%2Fv2%2Fcomments&post=126302"}],"version-history":[{"count":0,"href":"https:\/\/diarioregionaldigital.com.br\/index.php?rest_route=\/wp\/v2\/posts\/126302\/revisions"}],"wp:featuredmedia":[{"embeddable":true,"href":"https:\/\/diarioregionaldigital.com.br\/index.php?rest_route=\/wp\/v2\/media\/97343"}],"wp:attachment":[{"href":"https:\/\/diarioregionaldigital.com.br\/index.php?rest_route=%2Fwp%2Fv2%2Fmedia&parent=126302"}],"wp:term":[{"taxonomy":"category","embeddable":true,"href":"https:\/\/diarioregionaldigital.com.br\/index.php?rest_route=%2Fwp%2Fv2%2Fcategories&post=126302"},{"taxonomy":"post_tag","embeddable":true,"href":"https:\/\/diarioregionaldigital.com.br\/index.php?rest_route=%2Fwp%2Fv2%2Ftags&post=126302"}],"curies":[{"name":"wp","href":"https:\/\/api.w.org\/{rel}","templated":true}]}}