{"id":126299,"date":"2018-11-22T15:32:55","date_gmt":"2018-11-22T17:32:55","guid":{"rendered":"https:\/\/diarioregionaldigital.com.br\/?p=126299"},"modified":"2018-11-22T15:32:55","modified_gmt":"2018-11-22T17:32:55","slug":"coordenador-da-lava-jato-afirma-que-moro-fara-falta-na-operacao","status":"publish","type":"post","link":"https:\/\/diarioregionaldigital.com.br\/?p=126299","title":{"rendered":"Coordenador da Lava Jato afirma que Moro far\u00e1 falta na opera\u00e7\u00e3o"},"content":{"rendered":"<p>O procurador da Rep\u00fablica Deltan Dallagnol afirmou hoje, 22, que o juiz S\u00e9rgio Moro vai assumir o Minist\u00e9rio da Justi\u00e7a no governo do presidente eleito Jair Bolsonaro com uma agenda voltada para &#8220;reformas estruturais, [para] promover avan\u00e7os\u201d. Um dos coordenadores da Lava Jato, o procurador disse que Moro vai fazer falta na opera\u00e7\u00e3o.<\/p>\n<p>\u201cQuando eu olho para esse movimento que ele [Moro] fez, \u00e9 claro que existe uma perda para a Lava Jato. \u00c9 ineg\u00e1vel. Agora, o ganho para a causa anticorrup\u00e7\u00e3o \u00e9 muito maior porque, em Curitiba, o juiz S\u00e9rgio Moro estava lutando contra as engrenagens de um sistema que estavam ajustadas para n\u00e3o funcionar contra os poderosos. Agora, o que ele vai fazer em Bras\u00edlia \u00e9 mudar essas engrenagens\u201d, afirmou Dallagnol, ao participar do 13\u00ba Semin\u00e1rio Internacional da Associa\u00e7\u00e3o Nacional das Institui\u00e7\u00f5es de Cr\u00e9dito, Financiamento e Investimentos (Acrefi), na capital paulista.<\/p>\n<p>O procurador garantiu que os esfor\u00e7os da Lava Jato continuam, com equipes da Pol\u00edcia Federal, Receita Federal, Justi\u00e7a e, ao menos, 60 pessoas do Minist\u00e9rio P\u00fablico empenhadas nas investiga\u00e7\u00f5es da opera\u00e7\u00e3o.<\/p>\n<h2>Medidas anticorrup\u00e7\u00e3o<\/h2>\n<p>Dallagnol disse que, com a elei\u00e7\u00e3o do presidente Jair Bolsonaro, est\u00e1 confiante na efetiva\u00e7\u00e3o do projeto com novas medidas contra a corrup\u00e7\u00e3o. \u201cTemos um presidente eleito que, n\u00e3o vou fazer uma an\u00e1lise, n\u00e3o estou fazendo ju\u00edzo de valor sobre ele, mas vou analisar uma conduta espec\u00edfica. Ele apoia as 10 medidas contra a corrup\u00e7\u00e3o. Ele declarou isso, o que \u00e9 altamente positivo\u201d, disse o procurador, que tamb\u00e9m apoia o projeto.<\/p>\n<p>Ele disse que, para o Congresso Nacional, foram eleitos 45 parlamentares favor\u00e1veis \u00e0 aprova\u00e7\u00e3o das novas medidas anticorrup\u00e7\u00e3o. \u201cA sociedade fez a sua parte e, ao contr\u00e1rio do que se imaginava, foi a maior renova\u00e7\u00e3o da hist\u00f3ria\u201d, afirmou Dallagnol.<\/p>\n<div class=\"dnd-widget-wrapper context-cheio_8colunas type-image\">\n<div class=\"dnd-atom-rendered\"><\/div>\n<\/div>\n<p>Fonte: Ag\u00eancia Brasil<\/p>\n","protected":false},"excerpt":{"rendered":"<p>O procurador da Rep\u00fablica Deltan Dallagnol afirmou hoje, 22, que o juiz S\u00e9rgio Moro vai assumir o Minist\u00e9rio da Justi\u00e7a no governo do presidente eleito Jair Bolsonaro com uma agenda voltada para &#8220;reformas estruturais, [para] promover avan\u00e7os\u201d. Um dos coordenadores da Lava Jato, o procurador disse que Moro vai fazer falta na opera\u00e7\u00e3o. \u201cQuando eu [&hellip;]<\/p>\n","protected":false},"author":96,"featured_media":126300,"comment_status":"closed","ping_status":"closed","sticky":false,"template":"","format":"standard","meta":{"footnotes":""},"categories":[436,254,439],"tags":[],"class_list":["post-126299","post","type-post","status-publish","format-standard","has-post-thumbnail","hentry","category-destaque-da-semana","category-politica","category-ultima-hora"],"_links":{"self":[{"href":"https:\/\/diarioregionaldigital.com.br\/index.php?rest_route=\/wp\/v2\/posts\/126299","targetHints":{"allow":["GET"]}}],"collection":[{"href":"https:\/\/diarioregionaldigital.com.br\/index.php?rest_route=\/wp\/v2\/posts"}],"about":[{"href":"https:\/\/diarioregionaldigital.com.br\/index.php?rest_route=\/wp\/v2\/types\/post"}],"author":[{"embeddable":true,"href":"https:\/\/diarioregionaldigital.com.br\/index.php?rest_route=\/wp\/v2\/users\/96"}],"replies":[{"embeddable":true,"href":"https:\/\/diarioregionaldigital.com.br\/index.php?rest_route=%2Fwp%2Fv2%2Fcomments&post=126299"}],"version-history":[{"count":0,"href":"https:\/\/diarioregionaldigital.com.br\/index.php?rest_route=\/wp\/v2\/posts\/126299\/revisions"}],"wp:featuredmedia":[{"embeddable":true,"href":"https:\/\/diarioregionaldigital.com.br\/index.php?rest_route=\/wp\/v2\/media\/126300"}],"wp:attachment":[{"href":"https:\/\/diarioregionaldigital.com.br\/index.php?rest_route=%2Fwp%2Fv2%2Fmedia&parent=126299"}],"wp:term":[{"taxonomy":"category","embeddable":true,"href":"https:\/\/diarioregionaldigital.com.br\/index.php?rest_route=%2Fwp%2Fv2%2Fcategories&post=126299"},{"taxonomy":"post_tag","embeddable":true,"href":"https:\/\/diarioregionaldigital.com.br\/index.php?rest_route=%2Fwp%2Fv2%2Ftags&post=126299"}],"curies":[{"name":"wp","href":"https:\/\/api.w.org\/{rel}","templated":true}]}}