{"id":126296,"date":"2018-11-22T15:29:13","date_gmt":"2018-11-22T17:29:13","guid":{"rendered":"https:\/\/diarioregionaldigital.com.br\/?p=126296"},"modified":"2018-11-22T15:29:13","modified_gmt":"2018-11-22T17:29:13","slug":"jungmann-comemora-aprovacao-de-medida-que-destina-recursos-de-loteria","status":"publish","type":"post","link":"https:\/\/diarioregionaldigital.com.br\/?p=126296","title":{"rendered":"Jungmann comemora aprova\u00e7\u00e3o de medida que destina recursos de loteria"},"content":{"rendered":"<p>O ministro da Seguran\u00e7a P\u00fablica, Raul Jungmann, disse nesta quinta-feira, 22, que a aprova\u00e7\u00e3o da Medida Provis\u00f3ria (MP) 846\/2018, que destina parte da arrecada\u00e7\u00e3o das loterias federais ao Fundo Nacional de Seguran\u00e7a P\u00fablica (FNSP) \u00e9 \u201ca maior conquista da seguran\u00e7a p\u00fablica do Brasil em d\u00e9cadas, juntamente com o Susp [Sistema \u00danico de Seguran\u00e7a P\u00fablica]\u201d.<\/p>\n<p>Segundo Jungmann, esses recurso v\u00e3o financiar equipamentos, tecnologia, preparo e capacita\u00e7\u00e3o dos profissionais, ve\u00edculos e armas. \u201cTudo aquilo que se faz necess\u00e1rio para melhorar a capacidade operacional das nossas pol\u00edcias\u201d.<\/p>\n<p>O ministro diz ainda que 20% dos recursos ser\u00e3o destinados a programa de melhoria de qualidade de vida dos profissionais, \u201cfinanciando habita\u00e7\u00e3o, sa\u00fade e assist\u00eancia aos homens e mulheres que garantem a nossa seguran\u00e7a que garantem o imp\u00e9rio da lei que \u00e9 base para a nossa democracia\u201d.<\/p>\n<p>O futuro ministro da Justi\u00e7a, Sergio Moro, recomendou a aprova\u00e7\u00e3o da MP ap\u00f3s reuni\u00e3o com o ministro da Seguran\u00e7a P\u00fablica, Raul Jungmann, no \u00faltimo dia 7.<\/p>\n<p>&#8220;Sem recursos n\u00e3o \u00e9 poss\u00edvel desenvolver projetos, desenvolver pol\u00edticas p\u00fablicas. Ent\u00e3o, todas essas medidas s\u00e3o absolutamente louv\u00e1veis, essa consolida\u00e7\u00e3o financeira do minist\u00e9rio. Parece que tem uma medida provis\u00f3ria para aprovar hoje. \u00c9 muito importante que ela seja aprovada, e acredito que o Congresso vai ter essa sensibilidade&#8221;, afirmou Moro no in\u00edcio do m\u00eas.<\/p>\n<h2>Medida provis\u00f3ria<\/h2>\n<p>O Plen\u00e1rio do Senado aprovou na quarta-feira, 21, a medida provis\u00f3ria que destina parte dos recursos arrecadados com as loterias esportivas e federais para o FNSP. A proposta tamb\u00e9m reformula o financiamento de diversos setores a partir da verba das loterias, como o esporte e a cultura.<\/p>\n<p>A MP foi editada em agosto como uma nova vers\u00e3o da MP 841\/2018, editada em junho e j\u00e1 sem validade. O novo texto surgiu de uma articula\u00e7\u00e3o dos minist\u00e9rios da Cultura e do Esporte, ap\u00f3s press\u00f5es de entidades dos dois setores, uma vez que a MP anterior diminu\u00eda os repasses das loterias para essas \u00e1reas para aumentar os recursos do FNSP.<\/p>\n<p>Como a medida provis\u00f3ria teve modifica\u00e7\u00f5es na sua passagem pelo Congresso Nacional, o novo texto seguir\u00e1 agora para san\u00e7\u00e3o presidencial.<\/p>\n<p>&nbsp;<\/p>\n<p>Fonte: Ag\u00eancia Brasil.\u00a0<em>* Com informa\u00e7\u00f5es da Ag\u00eancia Senado.<\/em><\/p>\n","protected":false},"excerpt":{"rendered":"<p>O ministro da Seguran\u00e7a P\u00fablica, Raul Jungmann, disse nesta quinta-feira, 22, que a aprova\u00e7\u00e3o da Medida Provis\u00f3ria (MP) 846\/2018, que destina parte da arrecada\u00e7\u00e3o das loterias federais ao Fundo Nacional de Seguran\u00e7a P\u00fablica (FNSP) \u00e9 \u201ca maior conquista da seguran\u00e7a p\u00fablica do Brasil em d\u00e9cadas, juntamente com o Susp [Sistema \u00danico de Seguran\u00e7a P\u00fablica]\u201d. Segundo [&hellip;]<\/p>\n","protected":false},"author":96,"featured_media":126297,"comment_status":"closed","ping_status":"closed","sticky":false,"template":"","format":"standard","meta":{"footnotes":""},"categories":[302,436,439],"tags":[],"class_list":["post-126296","post","type-post","status-publish","format-standard","has-post-thumbnail","hentry","category-brasil-mundo","category-destaque-da-semana","category-ultima-hora"],"_links":{"self":[{"href":"https:\/\/diarioregionaldigital.com.br\/index.php?rest_route=\/wp\/v2\/posts\/126296","targetHints":{"allow":["GET"]}}],"collection":[{"href":"https:\/\/diarioregionaldigital.com.br\/index.php?rest_route=\/wp\/v2\/posts"}],"about":[{"href":"https:\/\/diarioregionaldigital.com.br\/index.php?rest_route=\/wp\/v2\/types\/post"}],"author":[{"embeddable":true,"href":"https:\/\/diarioregionaldigital.com.br\/index.php?rest_route=\/wp\/v2\/users\/96"}],"replies":[{"embeddable":true,"href":"https:\/\/diarioregionaldigital.com.br\/index.php?rest_route=%2Fwp%2Fv2%2Fcomments&post=126296"}],"version-history":[{"count":0,"href":"https:\/\/diarioregionaldigital.com.br\/index.php?rest_route=\/wp\/v2\/posts\/126296\/revisions"}],"wp:featuredmedia":[{"embeddable":true,"href":"https:\/\/diarioregionaldigital.com.br\/index.php?rest_route=\/wp\/v2\/media\/126297"}],"wp:attachment":[{"href":"https:\/\/diarioregionaldigital.com.br\/index.php?rest_route=%2Fwp%2Fv2%2Fmedia&parent=126296"}],"wp:term":[{"taxonomy":"category","embeddable":true,"href":"https:\/\/diarioregionaldigital.com.br\/index.php?rest_route=%2Fwp%2Fv2%2Fcategories&post=126296"},{"taxonomy":"post_tag","embeddable":true,"href":"https:\/\/diarioregionaldigital.com.br\/index.php?rest_route=%2Fwp%2Fv2%2Ftags&post=126296"}],"curies":[{"name":"wp","href":"https:\/\/api.w.org\/{rel}","templated":true}]}}