{"id":126289,"date":"2018-11-22T14:51:51","date_gmt":"2018-11-22T16:51:51","guid":{"rendered":"https:\/\/diarioregionaldigital.com.br\/?p=126289"},"modified":"2018-11-22T14:51:51","modified_gmt":"2018-11-22T16:51:51","slug":"renato-deixa-em-aberto-futuro-no-gremio-e-admite-sonho-de-treinar-flamengo","status":"publish","type":"post","link":"https:\/\/diarioregionaldigital.com.br\/?p=126289","title":{"rendered":"Renato deixa em aberto futuro no Gr\u00eamio e admite sonho de treinar Flamengo"},"content":{"rendered":"<p>O t\u00e9cnico Renato Portaluppi foi questionado ap\u00f3s a derrota do\u00a0 Gr\u00eamio\u00a0para o\u00a0 Flamengo \u00a0por 2 a 0 no Maracan\u00e3\u00a0\u00a0sobre o seu destino em 2019. Mais uma vez o comandante gremista preferiu focar em garantir o tricolor ga\u00facho no G4 do Campeonato Brasileiro\u00a0e desconversou em rela\u00e7\u00e3o ao assunto.<\/p>\n<p>\u201cPelo respeito ao presidente e \u00e0 torcida, a prefer\u00eancia \u00e9 sempre do Gr\u00eamio. Eu tenho conversado com o presidente Romildo sobre a renova\u00e7\u00e3o. Isso vem sempre em primeiro lugar\u201d, avaliou.<\/p>\n<p>Entretanto, ele admitiu que mant\u00e9m um carinho especial pelo Rubro-negro, uma equipe que ele nunca escondeu o desejo de, um dia, treinar.<\/p>\n<p>\u201c\u00c9 sempre bom voltar ao Maracan\u00e3, onde aconteceram grandes coisas. Tenho um carinho especial por tudo que vivi aqui dentro. Joguei alguns anos e ajudei a conquistar t\u00edtulos no Flamengo. Tenho o sonho de treinar o Flamengo, mas quando ser\u00e1? Eu sigo focado em garantir uma vaga direta para a Libertadores com o Gr\u00eamio\u201d, revelou.<\/p>\n<p>Por fim, o treinador admitiu que o resultado foi justo e que o tricolor ga\u00facho n\u00e3o soube superar a marca\u00e7\u00e3o do Flamengo.<\/p>\n<p>\u201cNossa equipe n\u00e3o foi t\u00e3o feliz, principalmente no primeiro tempo. Mas n\u00e3o pode tirar os m\u00e9ritos do Flamengo, que tem jogadores diferenciados, com muita intelig\u00eancia. Nosso time demorou um pouco para entrar na partida\u201d, finalizou.<\/p>\n<p>Fonte: Gazeta Press<\/p>\n","protected":false},"excerpt":{"rendered":"<p>O t\u00e9cnico Renato Portaluppi foi questionado ap\u00f3s a derrota do\u00a0 Gr\u00eamio\u00a0para o\u00a0 Flamengo \u00a0por 2 a 0 no Maracan\u00e3\u00a0\u00a0sobre o seu destino em 2019. Mais uma vez o comandante gremista preferiu focar em garantir o tricolor ga\u00facho no G4 do Campeonato Brasileiro\u00a0e desconversou em rela\u00e7\u00e3o ao assunto. \u201cPelo respeito ao presidente e \u00e0 torcida, a [&hellip;]<\/p>\n","protected":false},"author":96,"featured_media":126291,"comment_status":"closed","ping_status":"closed","sticky":false,"template":"","format":"standard","meta":{"footnotes":""},"categories":[257,439],"tags":[],"class_list":["post-126289","post","type-post","status-publish","format-standard","has-post-thumbnail","hentry","category-esporte","category-ultima-hora"],"_links":{"self":[{"href":"https:\/\/diarioregionaldigital.com.br\/index.php?rest_route=\/wp\/v2\/posts\/126289","targetHints":{"allow":["GET"]}}],"collection":[{"href":"https:\/\/diarioregionaldigital.com.br\/index.php?rest_route=\/wp\/v2\/posts"}],"about":[{"href":"https:\/\/diarioregionaldigital.com.br\/index.php?rest_route=\/wp\/v2\/types\/post"}],"author":[{"embeddable":true,"href":"https:\/\/diarioregionaldigital.com.br\/index.php?rest_route=\/wp\/v2\/users\/96"}],"replies":[{"embeddable":true,"href":"https:\/\/diarioregionaldigital.com.br\/index.php?rest_route=%2Fwp%2Fv2%2Fcomments&post=126289"}],"version-history":[{"count":0,"href":"https:\/\/diarioregionaldigital.com.br\/index.php?rest_route=\/wp\/v2\/posts\/126289\/revisions"}],"wp:featuredmedia":[{"embeddable":true,"href":"https:\/\/diarioregionaldigital.com.br\/index.php?rest_route=\/wp\/v2\/media\/126291"}],"wp:attachment":[{"href":"https:\/\/diarioregionaldigital.com.br\/index.php?rest_route=%2Fwp%2Fv2%2Fmedia&parent=126289"}],"wp:term":[{"taxonomy":"category","embeddable":true,"href":"https:\/\/diarioregionaldigital.com.br\/index.php?rest_route=%2Fwp%2Fv2%2Fcategories&post=126289"},{"taxonomy":"post_tag","embeddable":true,"href":"https:\/\/diarioregionaldigital.com.br\/index.php?rest_route=%2Fwp%2Fv2%2Ftags&post=126289"}],"curies":[{"name":"wp","href":"https:\/\/api.w.org\/{rel}","templated":true}]}}