{"id":126288,"date":"2018-11-22T14:49:47","date_gmt":"2018-11-22T16:49:47","guid":{"rendered":"https:\/\/diarioregionaldigital.com.br\/?p=126288"},"modified":"2018-11-22T14:49:47","modified_gmt":"2018-11-22T16:49:47","slug":"sds-desenvolve-projeto-para-insercao-de-pessoas-em-situacao-de-rua-no-mercado-de-trabalho","status":"publish","type":"post","link":"https:\/\/diarioregionaldigital.com.br\/?p=126288","title":{"rendered":"SDS desenvolve projeto para inser\u00e7\u00e3o de pessoas em situa\u00e7\u00e3o de rua no mercado de trabalho"},"content":{"rendered":"<p>A Secretaria de Desenvolvimento Social (SDS), por meio do Departamento de Inclus\u00e3o Socioprodutiva e Qualifica\u00e7\u00e3o Profissional (Disq) e do Departamento de Prote\u00e7\u00e3o Especial (DPE), reuniu-se com a Secretaria de Desenvolvimento Econ\u00f4mico, Trabalho e Turismo (Sedettur) e parceiros, na ter\u00e7a-feira, 20, para discutir um projeto de inser\u00e7\u00e3o de pessoas em situa\u00e7\u00f5es de rua no mercado de trabalho.<\/p>\n<p>Iniciada neste m\u00eas, a proposta visa a qualificar os indiv\u00edduos no \u00e2mbito da sa\u00fade, da educa\u00e7\u00e3o e no resgate da autoestima dos indiv\u00edduos, a fim de que consigam uma vaga de trabalho e permane\u00e7am nela.<\/p>\n<p>Como forma de conhecer as particularidades do p\u00fablico-alvo e executar a primeira parte do projeto, a equipe realizou uma roda de conversa na quarta-feira, 21, no Centro Pop. A supervisora de aten\u00e7\u00e3o \u00e0 popula\u00e7\u00e3o em situa\u00e7\u00e3o de rua do DPE, Joana d\u2019Arc da Silva, destaca: &#8220;Precisamos que eles entendam que s\u00e3o capazes, que podem produzir e conquistar seu espa\u00e7o&#8221;.<\/p>\n<p>Fonte: PJF<\/p>\n","protected":false},"excerpt":{"rendered":"<p>A Secretaria de Desenvolvimento Social (SDS), por meio do Departamento de Inclus\u00e3o Socioprodutiva e Qualifica\u00e7\u00e3o Profissional (Disq) e do Departamento de Prote\u00e7\u00e3o Especial (DPE), reuniu-se com a Secretaria de Desenvolvimento Econ\u00f4mico, Trabalho e Turismo (Sedettur) e parceiros, na ter\u00e7a-feira, 20, para discutir um projeto de inser\u00e7\u00e3o de pessoas em situa\u00e7\u00f5es de rua no mercado de [&hellip;]<\/p>\n","protected":false},"author":96,"featured_media":105098,"comment_status":"closed","ping_status":"closed","sticky":false,"template":"","format":"standard","meta":{"footnotes":""},"categories":[253,436,439],"tags":[],"class_list":["post-126288","post","type-post","status-publish","format-standard","has-post-thumbnail","hentry","category-cidade","category-destaque-da-semana","category-ultima-hora"],"_links":{"self":[{"href":"https:\/\/diarioregionaldigital.com.br\/index.php?rest_route=\/wp\/v2\/posts\/126288","targetHints":{"allow":["GET"]}}],"collection":[{"href":"https:\/\/diarioregionaldigital.com.br\/index.php?rest_route=\/wp\/v2\/posts"}],"about":[{"href":"https:\/\/diarioregionaldigital.com.br\/index.php?rest_route=\/wp\/v2\/types\/post"}],"author":[{"embeddable":true,"href":"https:\/\/diarioregionaldigital.com.br\/index.php?rest_route=\/wp\/v2\/users\/96"}],"replies":[{"embeddable":true,"href":"https:\/\/diarioregionaldigital.com.br\/index.php?rest_route=%2Fwp%2Fv2%2Fcomments&post=126288"}],"version-history":[{"count":0,"href":"https:\/\/diarioregionaldigital.com.br\/index.php?rest_route=\/wp\/v2\/posts\/126288\/revisions"}],"wp:featuredmedia":[{"embeddable":true,"href":"https:\/\/diarioregionaldigital.com.br\/index.php?rest_route=\/wp\/v2\/media\/105098"}],"wp:attachment":[{"href":"https:\/\/diarioregionaldigital.com.br\/index.php?rest_route=%2Fwp%2Fv2%2Fmedia&parent=126288"}],"wp:term":[{"taxonomy":"category","embeddable":true,"href":"https:\/\/diarioregionaldigital.com.br\/index.php?rest_route=%2Fwp%2Fv2%2Fcategories&post=126288"},{"taxonomy":"post_tag","embeddable":true,"href":"https:\/\/diarioregionaldigital.com.br\/index.php?rest_route=%2Fwp%2Fv2%2Ftags&post=126288"}],"curies":[{"name":"wp","href":"https:\/\/api.w.org\/{rel}","templated":true}]}}