{"id":126284,"date":"2018-11-22T14:31:08","date_gmt":"2018-11-22T16:31:08","guid":{"rendered":"https:\/\/diarioregionaldigital.com.br\/?p=126284"},"modified":"2018-11-22T14:31:08","modified_gmt":"2018-11-22T16:31:08","slug":"nova-selecao-do-mais-medicos-registra-63-mil-inscricoes","status":"publish","type":"post","link":"https:\/\/diarioregionaldigital.com.br\/?p=126284","title":{"rendered":"Nova sele\u00e7\u00e3o do Mais M\u00e9dicos registra 6,3 mil inscri\u00e7\u00f5es"},"content":{"rendered":"<p>O Minist\u00e9rio da Sa\u00fade informou ter registrado, at\u00e9 a manh\u00e3 de hoje, 22, 6.394 inscri\u00e7\u00f5es para a\u00a0<a href=\"http:\/\/maismedicos.saude.gov.br\/new\/web\/app.php\/inscricao\" target=\"_blank\" rel=\"noopener\">nova sele\u00e7\u00e3o de profissionais do Programa Mais M\u00e9dicos<\/a>. O edital, publicado na \u00faltima ter\u00e7a-feira, 20, oferece 8.517 vagas para atua\u00e7\u00e3o em 2.824 munic\u00edpios e 34 Distritos Sanit\u00e1rios Especiais Ind\u00edgenas (DSEI), que antes eram ocupadas por\u00a0m\u00e9dicos do acordo de coopera\u00e7\u00e3o feito com Cuba.<\/p>\n<p>Segundo informa\u00e7\u00f5es do minist\u00e9rio, das mais de 6,3 mil inscri\u00e7\u00f5es, 2.209 j\u00e1 foram conclu\u00eddas. Al\u00e9m disso,\u00a02.812 candidatos deram in\u00edcio ao processo, mas ainda precisam escolher o munic\u00edpio de atua\u00e7\u00e3o. A orienta\u00e7\u00e3o do minist\u00e9rio \u00e9 que os interessados concluam as inscri\u00e7\u00f5es o quanto antes, inclusive por conta da instabilidade registrada no site.<\/p>\n<p>As inscri\u00e7\u00f5es para essa nova sele\u00e7\u00e3o do programa come\u00e7aram \u00e0s 8h de ontem, 21, e ser\u00e3o encerradas \u00e0s 23h59 do pr\u00f3ximo domingo, 25. Podem participar profissionais formados no Brasil ou com diploma estrangeiro revalidado. O in\u00edcio das atividades est\u00e1 previsto para 3 de dezembro.<\/p>\n<p>\u201cO edital \u00e9 a medida emergencial adotada pelo governo brasileiro para garantir a assist\u00eancia em locais que contam com profissionais de Cuba, ap\u00f3s o comunicado da Organiza\u00e7\u00e3o Pan-Americana da Sa\u00fade (Opas) no qual o governo cubano informa que encerrou a coopera\u00e7\u00e3o no Programa Mais M\u00e9dicos\u201d, informou o minist\u00e9rio.<\/p>\n<p>Fonte: Ag\u00eancia Brasil<\/p>\n","protected":false},"excerpt":{"rendered":"<p>O Minist\u00e9rio da Sa\u00fade informou ter registrado, at\u00e9 a manh\u00e3 de hoje, 22, 6.394 inscri\u00e7\u00f5es para a\u00a0nova sele\u00e7\u00e3o de profissionais do Programa Mais M\u00e9dicos. O edital, publicado na \u00faltima ter\u00e7a-feira, 20, oferece 8.517 vagas para atua\u00e7\u00e3o em 2.824 munic\u00edpios e 34 Distritos Sanit\u00e1rios Especiais Ind\u00edgenas (DSEI), que antes eram ocupadas por\u00a0m\u00e9dicos do acordo de coopera\u00e7\u00e3o [&hellip;]<\/p>\n","protected":false},"author":96,"featured_media":126286,"comment_status":"closed","ping_status":"closed","sticky":false,"template":"","format":"standard","meta":{"footnotes":""},"categories":[302,436,439],"tags":[],"class_list":["post-126284","post","type-post","status-publish","format-standard","has-post-thumbnail","hentry","category-brasil-mundo","category-destaque-da-semana","category-ultima-hora"],"_links":{"self":[{"href":"https:\/\/diarioregionaldigital.com.br\/index.php?rest_route=\/wp\/v2\/posts\/126284","targetHints":{"allow":["GET"]}}],"collection":[{"href":"https:\/\/diarioregionaldigital.com.br\/index.php?rest_route=\/wp\/v2\/posts"}],"about":[{"href":"https:\/\/diarioregionaldigital.com.br\/index.php?rest_route=\/wp\/v2\/types\/post"}],"author":[{"embeddable":true,"href":"https:\/\/diarioregionaldigital.com.br\/index.php?rest_route=\/wp\/v2\/users\/96"}],"replies":[{"embeddable":true,"href":"https:\/\/diarioregionaldigital.com.br\/index.php?rest_route=%2Fwp%2Fv2%2Fcomments&post=126284"}],"version-history":[{"count":0,"href":"https:\/\/diarioregionaldigital.com.br\/index.php?rest_route=\/wp\/v2\/posts\/126284\/revisions"}],"wp:featuredmedia":[{"embeddable":true,"href":"https:\/\/diarioregionaldigital.com.br\/index.php?rest_route=\/wp\/v2\/media\/126286"}],"wp:attachment":[{"href":"https:\/\/diarioregionaldigital.com.br\/index.php?rest_route=%2Fwp%2Fv2%2Fmedia&parent=126284"}],"wp:term":[{"taxonomy":"category","embeddable":true,"href":"https:\/\/diarioregionaldigital.com.br\/index.php?rest_route=%2Fwp%2Fv2%2Fcategories&post=126284"},{"taxonomy":"post_tag","embeddable":true,"href":"https:\/\/diarioregionaldigital.com.br\/index.php?rest_route=%2Fwp%2Fv2%2Ftags&post=126284"}],"curies":[{"name":"wp","href":"https:\/\/api.w.org\/{rel}","templated":true}]}}