{"id":126280,"date":"2018-11-22T14:24:21","date_gmt":"2018-11-22T16:24:21","guid":{"rendered":"https:\/\/diarioregionaldigital.com.br\/?p=126280"},"modified":"2018-11-22T14:24:21","modified_gmt":"2018-11-22T16:24:21","slug":"inscricoes-para-o-sisu-2019-serao-de-22-a-25-de-janeiro","status":"publish","type":"post","link":"https:\/\/diarioregionaldigital.com.br\/?p=126280","title":{"rendered":"Inscri\u00e7\u00f5es para o Sisu 2019 ser\u00e3o de 22 a 25 de janeiro"},"content":{"rendered":"<p>As inscri\u00e7\u00f5es do Sistema de Sele\u00e7\u00e3o Unificada (Sisu) 2019 poder\u00e3o ser feitas de 22 a 25 de janeiro, conforme edital divulgado pelo Minist\u00e9rio da Educa\u00e7\u00e3o (MEC). O programa oferece vagas em universidades p\u00fablicas. O n\u00famero total de vagas, bem como o n\u00famero de institui\u00e7\u00f5es que participar\u00e3o do programa ainda ser\u00e3o divulgados.<\/p>\n<p>Podem concorrer \u00e0s vagas do Sisu os estudantes que tenham feito o Exame Nacional do Ensino M\u00e9dio (Enem) 2018 e obtido nota acima de zero na prova de reda\u00e7\u00e3o. Al\u00e9m disso, os candidatos poder\u00e3o se inscrever no processo seletivo em at\u00e9 duas op\u00e7\u00f5es de vaga, especificando, em ordem de prefer\u00eancia, as suas op\u00e7\u00f5es em institui\u00e7\u00e3o de educa\u00e7\u00e3o superior participante, com local de oferta, curso e turno, e a modalidade de concorr\u00eancia.<\/p>\n<p>Os resultados individuais do Enem ser\u00e3o divulgados no dia 18 de janeiro. Os\u00a0<a href=\"https:\/\/enem.inep.gov.br\/\" target=\"_blank\" rel=\"noopener\">gabaritos\u00a0<\/a>das provas est\u00e3o dispon\u00edveis para consulta na p\u00e1gina do exame.<\/p>\n<p>O Enem foi aplicado nos dias 4 e 11 de novembro a mais de 4 milh\u00f5es de estudantes em todo o pa\u00eds. No primeiro domingo, os estudantes fizeram provas de linguagem, ci\u00eancias humanas e reda\u00e7\u00e3o. No segundo domingo, fizeram provas de ci\u00eancias da natureza e matem\u00e1tica.<\/p>\n<p>Al\u00e9m de concorrer \u00e0s vagas do Sisu, os participantes do Enem poder\u00e3o concorrer a bolsas em institui\u00e7\u00f5es privadas, pelo Programa Universidade para Todos (ProUni) e participar do Fundo de Financiamento Estudantil (Fies).<\/p>\n<p>Fonte: Ag\u00eancia Brasil<\/p>\n","protected":false},"excerpt":{"rendered":"<p>As inscri\u00e7\u00f5es do Sistema de Sele\u00e7\u00e3o Unificada (Sisu) 2019 poder\u00e3o ser feitas de 22 a 25 de janeiro, conforme edital divulgado pelo Minist\u00e9rio da Educa\u00e7\u00e3o (MEC). O programa oferece vagas em universidades p\u00fablicas. O n\u00famero total de vagas, bem como o n\u00famero de institui\u00e7\u00f5es que participar\u00e3o do programa ainda ser\u00e3o divulgados. Podem concorrer \u00e0s vagas [&hellip;]<\/p>\n","protected":false},"author":96,"featured_media":126282,"comment_status":"closed","ping_status":"closed","sticky":false,"template":"","format":"standard","meta":{"footnotes":""},"categories":[302,436,439],"tags":[],"class_list":["post-126280","post","type-post","status-publish","format-standard","has-post-thumbnail","hentry","category-brasil-mundo","category-destaque-da-semana","category-ultima-hora"],"_links":{"self":[{"href":"https:\/\/diarioregionaldigital.com.br\/index.php?rest_route=\/wp\/v2\/posts\/126280","targetHints":{"allow":["GET"]}}],"collection":[{"href":"https:\/\/diarioregionaldigital.com.br\/index.php?rest_route=\/wp\/v2\/posts"}],"about":[{"href":"https:\/\/diarioregionaldigital.com.br\/index.php?rest_route=\/wp\/v2\/types\/post"}],"author":[{"embeddable":true,"href":"https:\/\/diarioregionaldigital.com.br\/index.php?rest_route=\/wp\/v2\/users\/96"}],"replies":[{"embeddable":true,"href":"https:\/\/diarioregionaldigital.com.br\/index.php?rest_route=%2Fwp%2Fv2%2Fcomments&post=126280"}],"version-history":[{"count":0,"href":"https:\/\/diarioregionaldigital.com.br\/index.php?rest_route=\/wp\/v2\/posts\/126280\/revisions"}],"wp:featuredmedia":[{"embeddable":true,"href":"https:\/\/diarioregionaldigital.com.br\/index.php?rest_route=\/wp\/v2\/media\/126282"}],"wp:attachment":[{"href":"https:\/\/diarioregionaldigital.com.br\/index.php?rest_route=%2Fwp%2Fv2%2Fmedia&parent=126280"}],"wp:term":[{"taxonomy":"category","embeddable":true,"href":"https:\/\/diarioregionaldigital.com.br\/index.php?rest_route=%2Fwp%2Fv2%2Fcategories&post=126280"},{"taxonomy":"post_tag","embeddable":true,"href":"https:\/\/diarioregionaldigital.com.br\/index.php?rest_route=%2Fwp%2Fv2%2Ftags&post=126280"}],"curies":[{"name":"wp","href":"https:\/\/api.w.org\/{rel}","templated":true}]}}