{"id":126276,"date":"2018-11-22T12:00:51","date_gmt":"2018-11-22T14:00:51","guid":{"rendered":"https:\/\/diarioregionaldigital.com.br\/?p=126276"},"modified":"2018-11-22T12:00:51","modified_gmt":"2018-11-22T14:00:51","slug":"dia-da-homeopatia-reune-centenas-de-pessoas-no-pam-marechal","status":"publish","type":"post","link":"https:\/\/diarioregionaldigital.com.br\/?p=126276","title":{"rendered":"Dia da Homeopatia re\u00fane centenas de pessoas no PAM- Marechal"},"content":{"rendered":"<p>Cerca de cem pessoas se cadastraram para dar in\u00edcio ao tratamento homeop\u00e1tico pelo SUS durante evento em comemora\u00e7\u00e3o ao Dia da Homeopatia, realizado nessa quarta-feira, 21. Quem passou pela galeria do Pronto Atendimento M\u00e9dico (PAM) Marechal at\u00e9 as 15 horas foi convidado a saber mais sobre a pr\u00e1tica terap\u00eautica.<\/p>\n<p>A a\u00e7\u00e3o, promovida pelo Departamento de Pr\u00e1ticas Integrativas e Complementares (DPIC) da Secretaria de Sa\u00fade (SS) da Prefeitura de Juiz de Fora (PJF), contou com rodas de conversa sobre homeopatia, ministradas por profissionais do departamento, aferi\u00e7\u00e3o de press\u00e3o e glicemia, degusta\u00e7\u00e3o de ch\u00e1s naturais, massagem, cromoterapia e atendimento m\u00e9dico\/farmac\u00eautico. Ap\u00f3s o bate-papo com profissionais, os interessados em come\u00e7ar o tratamento puderam realizar o cadastro.<\/p>\n<p>Na cidade, muitas pessoas n\u00e3o sabem que o SUS disponibiliza essa op\u00e7\u00e3o. \u201cN\u00e3o acreditava na exist\u00eancia do tratamento pelo SUS, mas, ouvindo as orienta\u00e7\u00f5es dos m\u00e9dicos do departamento, decidi me cadastrar para come\u00e7\u00e1-lo\u201d, conta Daiana Alves, 32 anos, enfermeira, que sofre de enxaqueca e alergia. Para ela, a terapia alternativa \u00e9 uma oportunidade para melhorar a qualidade de vida.<\/p>\n<p><em>Fonte: Assessoria<\/em><\/p>\n","protected":false},"excerpt":{"rendered":"<p>Cerca de cem pessoas se cadastraram para dar in\u00edcio ao tratamento homeop\u00e1tico pelo SUS durante evento em comemora\u00e7\u00e3o ao Dia da Homeopatia, realizado nessa quarta-feira, 21. Quem passou pela galeria do Pronto Atendimento M\u00e9dico (PAM) Marechal at\u00e9 as 15 horas foi convidado a saber mais sobre a pr\u00e1tica terap\u00eautica. A a\u00e7\u00e3o, promovida pelo Departamento de [&hellip;]<\/p>\n","protected":false},"author":96,"featured_media":0,"comment_status":"closed","ping_status":"closed","sticky":false,"template":"","format":"standard","meta":{"footnotes":""},"categories":[253,439],"tags":[],"class_list":["post-126276","post","type-post","status-publish","format-standard","hentry","category-cidade","category-ultima-hora"],"_links":{"self":[{"href":"https:\/\/diarioregionaldigital.com.br\/index.php?rest_route=\/wp\/v2\/posts\/126276","targetHints":{"allow":["GET"]}}],"collection":[{"href":"https:\/\/diarioregionaldigital.com.br\/index.php?rest_route=\/wp\/v2\/posts"}],"about":[{"href":"https:\/\/diarioregionaldigital.com.br\/index.php?rest_route=\/wp\/v2\/types\/post"}],"author":[{"embeddable":true,"href":"https:\/\/diarioregionaldigital.com.br\/index.php?rest_route=\/wp\/v2\/users\/96"}],"replies":[{"embeddable":true,"href":"https:\/\/diarioregionaldigital.com.br\/index.php?rest_route=%2Fwp%2Fv2%2Fcomments&post=126276"}],"version-history":[{"count":0,"href":"https:\/\/diarioregionaldigital.com.br\/index.php?rest_route=\/wp\/v2\/posts\/126276\/revisions"}],"wp:attachment":[{"href":"https:\/\/diarioregionaldigital.com.br\/index.php?rest_route=%2Fwp%2Fv2%2Fmedia&parent=126276"}],"wp:term":[{"taxonomy":"category","embeddable":true,"href":"https:\/\/diarioregionaldigital.com.br\/index.php?rest_route=%2Fwp%2Fv2%2Fcategories&post=126276"},{"taxonomy":"post_tag","embeddable":true,"href":"https:\/\/diarioregionaldigital.com.br\/index.php?rest_route=%2Fwp%2Fv2%2Ftags&post=126276"}],"curies":[{"name":"wp","href":"https:\/\/api.w.org\/{rel}","templated":true}]}}