{"id":126274,"date":"2018-11-22T11:50:20","date_gmt":"2018-11-22T13:50:20","guid":{"rendered":"https:\/\/diarioregionaldigital.com.br\/?p=126274"},"modified":"2018-11-22T11:50:20","modified_gmt":"2018-11-22T13:50:20","slug":"brasil-e-argentina-fazem-operacao-de-combate-a-pedofilia","status":"publish","type":"post","link":"https:\/\/diarioregionaldigital.com.br\/?p=126274","title":{"rendered":"Brasil e Argentina fazem opera\u00e7\u00e3o de combate \u00e0 pedofilia"},"content":{"rendered":"<p>A terceira fase da Opera\u00e7\u00e3o Luz na Inf\u00e2ncia foi deflagrada na manh\u00e3 desta quinta-feira, 22, pelo Minist\u00e9rio da\u00a0Seguran\u00e7a P\u00fablica. Policiais civis de 18 estados e do Distrito Federal (DF) est\u00e3o desde as primeiras horas da manh\u00e3 cumprindo 69 mandados de busca e apreens\u00e3o<\/p>\n<p>Nota divulgada pelo minist\u00e9rio diz que a opera\u00e7\u00e3o d\u00e1 \u201ccontinuidade aos trabalhos de identifica\u00e7\u00e3o de crimes relacionados ao abuso e explora\u00e7\u00e3o sexual contra crian\u00e7as e adolescentes praticados no meio cibern\u00e9tico\u201d.<\/p>\n<p>Tamb\u00e9m participa\u00a0da opera\u00e7\u00e3o o Corpo de Investiga\u00e7\u00f5es Judiciais (CIJ) do Minist\u00e9rio P\u00fablico Fiscal da Cidade Aut\u00f4noma de Buenos Aires, na Argentina. O CIJ cumpre simultaneamente no pais vizinho 41 mandados de busca.<\/p>\n<p>\u201cOs alvos internacionais foram identificados ap\u00f3s atua\u00e7\u00e3o conjunta entre a Diretoria de Intelig\u00eancia da Senasp e autoridades policiais da Argentina. As a\u00e7\u00f5es simult\u00e2neas realizadas no Brasil e na Argentina mobilizam um efetivo aproximado de mil policiais\u201d, diz a nota.<\/p>\n<p>Todas as a\u00e7\u00f5es no Brasil est\u00e3o sendo\u00a0coordenadas\u00a0entre a Secretaria Nacional de Seguran\u00e7a P\u00fablica (Senasp) e as Pol\u00edcias Civis dos estados e do DF.<\/p>\n<p><strong>Luz na Inf\u00e2ncia\u00a0<\/strong><\/p>\n<p>A Opera\u00e7\u00e3o Luz na Inf\u00e2ncia teve in\u00edcio em outubro de 2017, quando foram cumpridos 157 mandados e presos 112 abusadores. Na segunda edi\u00e7\u00e3o, ocorrida em maio de 2018, houve cumprimento de 579 mandados de busca, resultando na pris\u00e3o de 251 pessoas.<\/p>\n<p><em>Fonte: Ag\u00eancia Brasil<\/em><\/p>\n","protected":false},"excerpt":{"rendered":"<p>A terceira fase da Opera\u00e7\u00e3o Luz na Inf\u00e2ncia foi deflagrada na manh\u00e3 desta quinta-feira, 22, pelo Minist\u00e9rio da\u00a0Seguran\u00e7a P\u00fablica. Policiais civis de 18 estados e do Distrito Federal (DF) est\u00e3o desde as primeiras horas da manh\u00e3 cumprindo 69 mandados de busca e apreens\u00e3o Nota divulgada pelo minist\u00e9rio diz que a opera\u00e7\u00e3o d\u00e1 \u201ccontinuidade aos trabalhos [&hellip;]<\/p>\n","protected":false},"author":96,"featured_media":97709,"comment_status":"closed","ping_status":"closed","sticky":false,"template":"","format":"standard","meta":{"footnotes":""},"categories":[302,439],"tags":[],"class_list":["post-126274","post","type-post","status-publish","format-standard","has-post-thumbnail","hentry","category-brasil-mundo","category-ultima-hora"],"_links":{"self":[{"href":"https:\/\/diarioregionaldigital.com.br\/index.php?rest_route=\/wp\/v2\/posts\/126274","targetHints":{"allow":["GET"]}}],"collection":[{"href":"https:\/\/diarioregionaldigital.com.br\/index.php?rest_route=\/wp\/v2\/posts"}],"about":[{"href":"https:\/\/diarioregionaldigital.com.br\/index.php?rest_route=\/wp\/v2\/types\/post"}],"author":[{"embeddable":true,"href":"https:\/\/diarioregionaldigital.com.br\/index.php?rest_route=\/wp\/v2\/users\/96"}],"replies":[{"embeddable":true,"href":"https:\/\/diarioregionaldigital.com.br\/index.php?rest_route=%2Fwp%2Fv2%2Fcomments&post=126274"}],"version-history":[{"count":0,"href":"https:\/\/diarioregionaldigital.com.br\/index.php?rest_route=\/wp\/v2\/posts\/126274\/revisions"}],"wp:featuredmedia":[{"embeddable":true,"href":"https:\/\/diarioregionaldigital.com.br\/index.php?rest_route=\/wp\/v2\/media\/97709"}],"wp:attachment":[{"href":"https:\/\/diarioregionaldigital.com.br\/index.php?rest_route=%2Fwp%2Fv2%2Fmedia&parent=126274"}],"wp:term":[{"taxonomy":"category","embeddable":true,"href":"https:\/\/diarioregionaldigital.com.br\/index.php?rest_route=%2Fwp%2Fv2%2Fcategories&post=126274"},{"taxonomy":"post_tag","embeddable":true,"href":"https:\/\/diarioregionaldigital.com.br\/index.php?rest_route=%2Fwp%2Fv2%2Ftags&post=126274"}],"curies":[{"name":"wp","href":"https:\/\/api.w.org\/{rel}","templated":true}]}}