{"id":126271,"date":"2018-11-22T11:38:03","date_gmt":"2018-11-22T13:38:03","guid":{"rendered":"https:\/\/diarioregionaldigital.com.br\/?p=126271"},"modified":"2018-11-22T11:38:03","modified_gmt":"2018-11-22T13:38:03","slug":"bolsonaro-diz-que-guilherme-schelb-e-cotado-para-educacao","status":"publish","type":"post","link":"https:\/\/diarioregionaldigital.com.br\/?p=126271","title":{"rendered":"Bolsonaro diz que Guilherme Schelb \u00e9 cotado para Educa\u00e7\u00e3o"},"content":{"rendered":"<p>O presidente eleito, Jair Bolsonaro, confirmou nesta quinta-feira, 22, que analisa o nome do procurador da Rep\u00fablica da 1\u00aa Regi\u00e3o Guilherme Schelb para o Minist\u00e9rio da Educa\u00e7\u00e3o. \u201cGuilherme Schelb \u00e9 cotado, sim\u201d, destacou. Bolsonaro reiterou que a educa\u00e7\u00e3o escolar deve ser destinada a ensinar disciplinas e que temas relativos a quest\u00f5es de g\u00eanero devem ser abordadas pela fam\u00edlia.<\/p>\n<p>\u201cQuem ensina sexo para crian\u00e7a \u00e9 papai e mam\u00e3e\u201d, afirmou o presidente eleito, ap\u00f3s reuni\u00e3o no Comando da Marinha. \u201cEscola \u00e9 lugar de se aprender f\u00edsica, matem\u00e1tica, qu\u00edmica e fazer com que no futuro tenhamos um bom empregado, um bom patr\u00e3o e um bom liberal. Esse \u00e9 o objetivo da educa\u00e7\u00e3o.\u201d<\/p>\n<p>Ao mencionar a relev\u00e2ncia do Minist\u00e9rio da Educa\u00e7\u00e3o, Bolsonaro destacou sua preocupa\u00e7\u00e3o. \u201c\u00c9 um minist\u00e9rio important\u00edssimo [o da Educa\u00e7\u00e3o] porque o futuro do Brasil passa por ali. Situa\u00e7\u00e3o complicada por ali, porque nas \u00faltimas d\u00e9cadas gastou-se mais com educa\u00e7\u00e3o e a qualidade caiu. Portanto \u00e9 um minist\u00e9rio que tem de ser muito bem escolhido.\u201d<\/p>\n<p>Bolsonaro confirmou que conversar\u00e1 ainda hoje com Guilherme Schelb, sem entrar em detalhes.<\/p>\n<p><em>Fonte: Ag\u00eancia Brasil<\/em><\/p>\n","protected":false},"excerpt":{"rendered":"<p>O presidente eleito, Jair Bolsonaro, confirmou nesta quinta-feira, 22, que analisa o nome do procurador da Rep\u00fablica da 1\u00aa Regi\u00e3o Guilherme Schelb para o Minist\u00e9rio da Educa\u00e7\u00e3o. \u201cGuilherme Schelb \u00e9 cotado, sim\u201d, destacou. Bolsonaro reiterou que a educa\u00e7\u00e3o escolar deve ser destinada a ensinar disciplinas e que temas relativos a quest\u00f5es de g\u00eanero devem ser [&hellip;]<\/p>\n","protected":false},"author":96,"featured_media":0,"comment_status":"closed","ping_status":"closed","sticky":false,"template":"","format":"standard","meta":{"footnotes":""},"categories":[254,439],"tags":[],"class_list":["post-126271","post","type-post","status-publish","format-standard","hentry","category-politica","category-ultima-hora"],"_links":{"self":[{"href":"https:\/\/diarioregionaldigital.com.br\/index.php?rest_route=\/wp\/v2\/posts\/126271","targetHints":{"allow":["GET"]}}],"collection":[{"href":"https:\/\/diarioregionaldigital.com.br\/index.php?rest_route=\/wp\/v2\/posts"}],"about":[{"href":"https:\/\/diarioregionaldigital.com.br\/index.php?rest_route=\/wp\/v2\/types\/post"}],"author":[{"embeddable":true,"href":"https:\/\/diarioregionaldigital.com.br\/index.php?rest_route=\/wp\/v2\/users\/96"}],"replies":[{"embeddable":true,"href":"https:\/\/diarioregionaldigital.com.br\/index.php?rest_route=%2Fwp%2Fv2%2Fcomments&post=126271"}],"version-history":[{"count":0,"href":"https:\/\/diarioregionaldigital.com.br\/index.php?rest_route=\/wp\/v2\/posts\/126271\/revisions"}],"wp:attachment":[{"href":"https:\/\/diarioregionaldigital.com.br\/index.php?rest_route=%2Fwp%2Fv2%2Fmedia&parent=126271"}],"wp:term":[{"taxonomy":"category","embeddable":true,"href":"https:\/\/diarioregionaldigital.com.br\/index.php?rest_route=%2Fwp%2Fv2%2Fcategories&post=126271"},{"taxonomy":"post_tag","embeddable":true,"href":"https:\/\/diarioregionaldigital.com.br\/index.php?rest_route=%2Fwp%2Fv2%2Ftags&post=126271"}],"curies":[{"name":"wp","href":"https:\/\/api.w.org\/{rel}","templated":true}]}}