{"id":126262,"date":"2018-11-22T10:34:53","date_gmt":"2018-11-22T12:34:53","guid":{"rendered":"https:\/\/diarioregionaldigital.com.br\/?p=126262"},"modified":"2018-11-22T10:34:53","modified_gmt":"2018-11-22T12:34:53","slug":"estado-e-obrigado-a-regularizar-fornecimento-de-medicamento-contra-epilepsia-e-transtorno-bipolar-em-juiz-de-fora","status":"publish","type":"post","link":"https:\/\/diarioregionaldigital.com.br\/?p=126262","title":{"rendered":"Estado \u00e9 obrigado a regularizar fornecimento de medicamento contra epilepsia e transtorno bipolar em Juiz de Fora"},"content":{"rendered":"<p>A pedido do Minist\u00e9rio P\u00fablico de Minas Gerais (MPMG), a Justi\u00e7a determinou liminarmente que o Estado, em 30 dias, regularize, em Juiz de Fora, na Zona da Mata, o fornecimento do medicamento Lamotrigina 50mg e 100mg, que tem efic\u00e1cia comprovada no tratamento da epilepsia e do transtorno afetivo bipolar<\/p>\n<p>Segundo apurou a Promotoria de Justi\u00e7a de Defesa da Sa\u00fade de Juiz de Fora, o medicamento, que deveria ser disponibilizado pelo Estado, est\u00e1 em falta h\u00e1 v\u00e1rios meses no munic\u00edpio. E a aus\u00eancia do tratamento pode levar pacientes a ataques epil\u00e9ticos e epis\u00f3dios man\u00edacos depressivos, aumentando o risco de suic\u00eddio.<\/p>\n<p>Na A\u00e7\u00e3o Civil P\u00fablica, consta a informa\u00e7\u00e3o de que, ao ser questionado pelo MPMG, o Estado alegou que a regulariza\u00e7\u00e3o do estoque do rem\u00e9dio n\u00e3o tem previs\u00e3o para ocorrer. A falta do medicamento compromete o tratamento de 178 usu\u00e1rios do SUS que fazem uso da Lamotrigina em Juiz de Fora.<\/p>\n<p>\u201cDiante da desassist\u00eancia do Estado em fornecer o medicamento, faz-se necess\u00e1ria a ado\u00e7\u00e3o de medidas que resguardem as vidas humanas, sendo imprescind\u00edvel a imediata interven\u00e7\u00e3o do Poder Judici\u00e1rio para garantir \u00e0 popula\u00e7\u00e3o de Juiz de Fora o direito \u00e0 sa\u00fade e a vida\u201d, afirmou o promotor de Justi\u00e7a Jorge Tobias, autor da ACP.<\/p>\n<p>O Lamotrigina faz parte da Rela\u00e7\u00e3o Nacional de Medicamentos Essenciais (Rename) e da Rela\u00e7\u00e3o de Medicamentos do Estado de Minas Gerais (Remeng). \u201cPortanto, fornecer o medicamento aos pacientes do SUS que dele necessitam, \u00e9 obriga\u00e7\u00e3o permanente do Estado\u201d, afirmou Tobias.<\/p>\n<p><em>Fonte: Assessoria <\/em><\/p>\n","protected":false},"excerpt":{"rendered":"<p>A pedido do Minist\u00e9rio P\u00fablico de Minas Gerais (MPMG), a Justi\u00e7a determinou liminarmente que o Estado, em 30 dias, regularize, em Juiz de Fora, na Zona da Mata, o fornecimento do medicamento Lamotrigina 50mg e 100mg, que tem efic\u00e1cia comprovada no tratamento da epilepsia e do transtorno afetivo bipolar Segundo apurou a Promotoria de Justi\u00e7a [&hellip;]<\/p>\n","protected":false},"author":96,"featured_media":0,"comment_status":"closed","ping_status":"closed","sticky":false,"template":"","format":"standard","meta":{"footnotes":""},"categories":[252,439],"tags":[],"class_list":["post-126262","post","type-post","status-publish","format-standard","hentry","category-regiao","category-ultima-hora"],"_links":{"self":[{"href":"https:\/\/diarioregionaldigital.com.br\/index.php?rest_route=\/wp\/v2\/posts\/126262","targetHints":{"allow":["GET"]}}],"collection":[{"href":"https:\/\/diarioregionaldigital.com.br\/index.php?rest_route=\/wp\/v2\/posts"}],"about":[{"href":"https:\/\/diarioregionaldigital.com.br\/index.php?rest_route=\/wp\/v2\/types\/post"}],"author":[{"embeddable":true,"href":"https:\/\/diarioregionaldigital.com.br\/index.php?rest_route=\/wp\/v2\/users\/96"}],"replies":[{"embeddable":true,"href":"https:\/\/diarioregionaldigital.com.br\/index.php?rest_route=%2Fwp%2Fv2%2Fcomments&post=126262"}],"version-history":[{"count":0,"href":"https:\/\/diarioregionaldigital.com.br\/index.php?rest_route=\/wp\/v2\/posts\/126262\/revisions"}],"wp:attachment":[{"href":"https:\/\/diarioregionaldigital.com.br\/index.php?rest_route=%2Fwp%2Fv2%2Fmedia&parent=126262"}],"wp:term":[{"taxonomy":"category","embeddable":true,"href":"https:\/\/diarioregionaldigital.com.br\/index.php?rest_route=%2Fwp%2Fv2%2Fcategories&post=126262"},{"taxonomy":"post_tag","embeddable":true,"href":"https:\/\/diarioregionaldigital.com.br\/index.php?rest_route=%2Fwp%2Fv2%2Ftags&post=126262"}],"curies":[{"name":"wp","href":"https:\/\/api.w.org\/{rel}","templated":true}]}}