{"id":126232,"date":"2018-11-22T08:25:51","date_gmt":"2018-11-22T10:25:51","guid":{"rendered":"https:\/\/diarioregionaldigital.com.br\/?p=126232"},"modified":"2018-11-22T08:25:51","modified_gmt":"2018-11-22T10:25:51","slug":"padaria-da-regiao-central-e-arrombada-e-assaltantes-levam-r10-mil","status":"publish","type":"post","link":"https:\/\/diarioregionaldigital.com.br\/?p=126232","title":{"rendered":"Padaria da regi\u00e3o Central \u00e9 arrombada e assaltantes levam R$10 mil"},"content":{"rendered":"<p>Na noite dessa quarta-feira, 21, uma padaria localizada na Travessa Doutor Prisco, no Centro de Juiz de Fora, foi arrombada. Segundo o propriet\u00e1rio, de 61 anos, ap\u00f3s o disparo do alarme do estabelecimento, por volta das 22h, ele foi at\u00e9 o local verificar o que havia acontecido. Chegando l\u00e1, se deparou com uma das janelas da loja quebrada.<\/p>\n<p>Ao entrar no local, o dono da padaria deu falta de R$10 mil em dinheiro, que estavam dentro de um arm\u00e1rio de ferro.<\/p>\n<p>O estabelecimento comercial possui circuito interno de c\u00e2meras que captou a a\u00e7\u00e3o dos assaltantes.\u00a0 A per\u00edcia compareceu ao local e a filmagem ser\u00e1 utilizada para poss\u00edvel identifica\u00e7\u00e3o dos autores.<\/p>\n","protected":false},"excerpt":{"rendered":"<p>Na noite dessa quarta-feira, 21, uma padaria localizada na Travessa Doutor Prisco, no Centro de Juiz de Fora, foi arrombada. Segundo o propriet\u00e1rio, de 61 anos, ap\u00f3s o disparo do alarme do estabelecimento, por volta das 22h, ele foi at\u00e9 o local verificar o que havia acontecido. Chegando l\u00e1, se deparou com uma das janelas [&hellip;]<\/p>\n","protected":false},"author":96,"featured_media":95836,"comment_status":"closed","ping_status":"closed","sticky":false,"template":"","format":"standard","meta":{"footnotes":""},"categories":[301],"tags":[],"class_list":["post-126232","post","type-post","status-publish","format-standard","has-post-thumbnail","hentry","category-artigos-policiais"],"_links":{"self":[{"href":"https:\/\/diarioregionaldigital.com.br\/index.php?rest_route=\/wp\/v2\/posts\/126232","targetHints":{"allow":["GET"]}}],"collection":[{"href":"https:\/\/diarioregionaldigital.com.br\/index.php?rest_route=\/wp\/v2\/posts"}],"about":[{"href":"https:\/\/diarioregionaldigital.com.br\/index.php?rest_route=\/wp\/v2\/types\/post"}],"author":[{"embeddable":true,"href":"https:\/\/diarioregionaldigital.com.br\/index.php?rest_route=\/wp\/v2\/users\/96"}],"replies":[{"embeddable":true,"href":"https:\/\/diarioregionaldigital.com.br\/index.php?rest_route=%2Fwp%2Fv2%2Fcomments&post=126232"}],"version-history":[{"count":0,"href":"https:\/\/diarioregionaldigital.com.br\/index.php?rest_route=\/wp\/v2\/posts\/126232\/revisions"}],"wp:featuredmedia":[{"embeddable":true,"href":"https:\/\/diarioregionaldigital.com.br\/index.php?rest_route=\/wp\/v2\/media\/95836"}],"wp:attachment":[{"href":"https:\/\/diarioregionaldigital.com.br\/index.php?rest_route=%2Fwp%2Fv2%2Fmedia&parent=126232"}],"wp:term":[{"taxonomy":"category","embeddable":true,"href":"https:\/\/diarioregionaldigital.com.br\/index.php?rest_route=%2Fwp%2Fv2%2Fcategories&post=126232"},{"taxonomy":"post_tag","embeddable":true,"href":"https:\/\/diarioregionaldigital.com.br\/index.php?rest_route=%2Fwp%2Fv2%2Ftags&post=126232"}],"curies":[{"name":"wp","href":"https:\/\/api.w.org\/{rel}","templated":true}]}}