{"id":126230,"date":"2018-11-22T08:09:54","date_gmt":"2018-11-22T10:09:54","guid":{"rendered":"https:\/\/diarioregionaldigital.com.br\/?p=126230"},"modified":"2018-11-22T08:09:54","modified_gmt":"2018-11-22T10:09:54","slug":"casal-tem-residencia-arrombada-no-bairro-santa-paula","status":"publish","type":"post","link":"https:\/\/diarioregionaldigital.com.br\/?p=126230","title":{"rendered":"Casal tem resid\u00eancia arrombada no bairro Santa Paula"},"content":{"rendered":"<p>Um casal morador do bairro Santa Paula, regi\u00e3o Leste de Juiz de Fora, teve a resid\u00eancia arrombada nessa quarta-feira, 21. De acordo com relato da mulher, de 47 anos, \u00e0 Pol\u00edcia Militar, os dois sa\u00edram de casa de manh\u00e3 e, ao retornar, por volta das 18h, encontraram a porta da sala arrombada e os c\u00f4modos revirados.<\/p>\n<p>De dentro da casa, que fica na Rua Maria Luiza Alves, foram furtados R$113 mil em esp\u00e9cie e cheques pr\u00e9-datados, al\u00e9m de al\u00e9m de cinco an\u00e9is, tr\u00eas cord\u00f5es, duas pulseiras e tr\u00eas brincos, todos em ouro. Segundo a v\u00edtima, que mora na casa com o marido, de 49 anos, todos os objetos roubados estavam no guarda-roupa do quarto.<\/p>\n<p>A per\u00edcia t\u00e9cnica foi at\u00e9 o local e foi feito tamb\u00e9m um rastreamento na regi\u00e3o, por\u00e9m, ningu\u00e9m foi encontrado.<\/p>\n","protected":false},"excerpt":{"rendered":"<p>Um casal morador do bairro Santa Paula, regi\u00e3o Leste de Juiz de Fora, teve a resid\u00eancia arrombada nessa quarta-feira, 21. De acordo com relato da mulher, de 47 anos, \u00e0 Pol\u00edcia Militar, os dois sa\u00edram de casa de manh\u00e3 e, ao retornar, por volta das 18h, encontraram a porta da sala arrombada e os c\u00f4modos [&hellip;]<\/p>\n","protected":false},"author":96,"featured_media":95836,"comment_status":"closed","ping_status":"closed","sticky":false,"template":"","format":"standard","meta":{"footnotes":""},"categories":[301],"tags":[],"class_list":["post-126230","post","type-post","status-publish","format-standard","has-post-thumbnail","hentry","category-artigos-policiais"],"_links":{"self":[{"href":"https:\/\/diarioregionaldigital.com.br\/index.php?rest_route=\/wp\/v2\/posts\/126230","targetHints":{"allow":["GET"]}}],"collection":[{"href":"https:\/\/diarioregionaldigital.com.br\/index.php?rest_route=\/wp\/v2\/posts"}],"about":[{"href":"https:\/\/diarioregionaldigital.com.br\/index.php?rest_route=\/wp\/v2\/types\/post"}],"author":[{"embeddable":true,"href":"https:\/\/diarioregionaldigital.com.br\/index.php?rest_route=\/wp\/v2\/users\/96"}],"replies":[{"embeddable":true,"href":"https:\/\/diarioregionaldigital.com.br\/index.php?rest_route=%2Fwp%2Fv2%2Fcomments&post=126230"}],"version-history":[{"count":0,"href":"https:\/\/diarioregionaldigital.com.br\/index.php?rest_route=\/wp\/v2\/posts\/126230\/revisions"}],"wp:featuredmedia":[{"embeddable":true,"href":"https:\/\/diarioregionaldigital.com.br\/index.php?rest_route=\/wp\/v2\/media\/95836"}],"wp:attachment":[{"href":"https:\/\/diarioregionaldigital.com.br\/index.php?rest_route=%2Fwp%2Fv2%2Fmedia&parent=126230"}],"wp:term":[{"taxonomy":"category","embeddable":true,"href":"https:\/\/diarioregionaldigital.com.br\/index.php?rest_route=%2Fwp%2Fv2%2Fcategories&post=126230"},{"taxonomy":"post_tag","embeddable":true,"href":"https:\/\/diarioregionaldigital.com.br\/index.php?rest_route=%2Fwp%2Fv2%2Ftags&post=126230"}],"curies":[{"name":"wp","href":"https:\/\/api.w.org\/{rel}","templated":true}]}}