{"id":126228,"date":"2018-11-22T07:53:56","date_gmt":"2018-11-22T09:53:56","guid":{"rendered":"https:\/\/diarioregionaldigital.com.br\/?p=126228"},"modified":"2018-11-22T07:53:56","modified_gmt":"2018-11-22T09:53:56","slug":"policia-militar-prende-homem-por-trafico-de-drogas-na-regiao-leste-da-cidade","status":"publish","type":"post","link":"https:\/\/diarioregionaldigital.com.br\/?p=126228","title":{"rendered":"Pol\u00edcia Militar prende homem por tr\u00e1fico de drogas na regi\u00e3o Leste da cidade"},"content":{"rendered":"<p>Nessa quarta-feira, 21, a Pol\u00edcia Militar (PM) prendeu um homem, de 31 anos, por tr\u00e1fico de drogas no bairro Olavo Costa, na regi\u00e3o Leste de Juiz de Fora.<\/p>\n<p>\u00c0s 15h, o autor foi encontrado pela PM na Rua da F\u00e9, com R$100 no bolso, al\u00e9m de drogas. Segundo os policiais, ele portava uma por\u00e7\u00e3o de subst\u00e2ncia semelhante \u00e0 maconha, uma barra de maconha 13 pedras de crack, um papelote de coca\u00edna, um frasco de \u00e9ter, uma lidoca\u00edna, uma labca\u00edna para lan\u00e7a perfume, al\u00e9m de duas muni\u00e7\u00f5es intactas e um rev\u00f3lver de calibre 32.<\/p>\n<p>O homem foi preso e encaminhado \u00e0 delegacia.<\/p>\n","protected":false},"excerpt":{"rendered":"<p>Nessa quarta-feira, 21, a Pol\u00edcia Militar (PM) prendeu um homem, de 31 anos, por tr\u00e1fico de drogas no bairro Olavo Costa, na regi\u00e3o Leste de Juiz de Fora. \u00c0s 15h, o autor foi encontrado pela PM na Rua da F\u00e9, com R$100 no bolso, al\u00e9m de drogas. Segundo os policiais, ele portava uma por\u00e7\u00e3o de [&hellip;]<\/p>\n","protected":false},"author":96,"featured_media":95836,"comment_status":"closed","ping_status":"closed","sticky":false,"template":"","format":"standard","meta":{"footnotes":""},"categories":[301],"tags":[],"class_list":["post-126228","post","type-post","status-publish","format-standard","has-post-thumbnail","hentry","category-artigos-policiais"],"_links":{"self":[{"href":"https:\/\/diarioregionaldigital.com.br\/index.php?rest_route=\/wp\/v2\/posts\/126228","targetHints":{"allow":["GET"]}}],"collection":[{"href":"https:\/\/diarioregionaldigital.com.br\/index.php?rest_route=\/wp\/v2\/posts"}],"about":[{"href":"https:\/\/diarioregionaldigital.com.br\/index.php?rest_route=\/wp\/v2\/types\/post"}],"author":[{"embeddable":true,"href":"https:\/\/diarioregionaldigital.com.br\/index.php?rest_route=\/wp\/v2\/users\/96"}],"replies":[{"embeddable":true,"href":"https:\/\/diarioregionaldigital.com.br\/index.php?rest_route=%2Fwp%2Fv2%2Fcomments&post=126228"}],"version-history":[{"count":0,"href":"https:\/\/diarioregionaldigital.com.br\/index.php?rest_route=\/wp\/v2\/posts\/126228\/revisions"}],"wp:featuredmedia":[{"embeddable":true,"href":"https:\/\/diarioregionaldigital.com.br\/index.php?rest_route=\/wp\/v2\/media\/95836"}],"wp:attachment":[{"href":"https:\/\/diarioregionaldigital.com.br\/index.php?rest_route=%2Fwp%2Fv2%2Fmedia&parent=126228"}],"wp:term":[{"taxonomy":"category","embeddable":true,"href":"https:\/\/diarioregionaldigital.com.br\/index.php?rest_route=%2Fwp%2Fv2%2Fcategories&post=126228"},{"taxonomy":"post_tag","embeddable":true,"href":"https:\/\/diarioregionaldigital.com.br\/index.php?rest_route=%2Fwp%2Fv2%2Ftags&post=126228"}],"curies":[{"name":"wp","href":"https:\/\/api.w.org\/{rel}","templated":true}]}}