{"id":126221,"date":"2018-11-25T06:00:02","date_gmt":"2018-11-25T08:00:02","guid":{"rendered":"https:\/\/diarioregionaldigital.com.br\/?p=126221"},"modified":"2018-11-21T21:56:58","modified_gmt":"2018-11-21T23:56:58","slug":"consciencia-negra","status":"publish","type":"post","link":"https:\/\/diarioregionaldigital.com.br\/?p=126221","title":{"rendered":"CONSCI\u00caNCIA NEGRA"},"content":{"rendered":"<p>\u00c9 mais do que justa a comemora\u00e7\u00e3o anual que se faz em homenagem \u00e0 ra\u00e7a negra, que, hoje, representa 54% do povo brasileiro. Se significa a maioria, infelizmente, n\u00e3o \u00e9 mais do que 4% da riqueza nacional, o que mostra bem a diferencia\u00e7\u00e3o existente, ou seja, a desigualdade prevalecente em nosso pa\u00eds.<\/p>\n<p><strong>\u00a0\u00a0\u00a0\u00a0\u00a0\u00a0\u00a0\u00a0\u00a0\u00a0\u00a0 <\/strong>Gosto das homenagens que s\u00e3o feitas \u00e0 mem\u00f3ria de Zumbi dos Palmares. Em S\u00e3o Paulo, foi criada uma universidade com esse nome, o que pode representar o auge do respeito ao grande her\u00f3i nacional. No ano passado, por iniciativa do seu reitor Jos\u00e9 Vicente, fui aquinhoado com o Trof\u00e9u Ra\u00e7a Negra, que guardo com muito carinho.<\/p>\n<p>Sou um cr\u00edtico ferrenho das nossas desigualdades. Quando procurava o meu primeiro emprego de jornalista, no que fui ajudado pelo meu irm\u00e3o Odilon, tive a colabora\u00e7\u00e3o de Laerte Paiva, negro que estudava Direito com o meu irm\u00e3o, na Faculdade do Catete, e que acumulava as fun\u00e7\u00f5es de secret\u00e1rio de Reda\u00e7\u00e3o do jornal \u201c\u00daltima Hora\u201d. Foi ele que me deu a chance, aos 16 anos, de ser colaborador do di\u00e1rio, ent\u00e3o fazendo muito sucesso. Mais tarde, efetivado nas Empresas Bloch e ocupando um cargo de dire\u00e7\u00e3o, retribu\u00ed o gesto do querido Laerte e empreguei o seu filho Tito, que trabalhou comigo durante muitos anos. N\u00e3o havia entre n\u00f3s qualquer discrimina\u00e7\u00e3o por motivo de cor ou origem. \u00c9ramos como irm\u00e3os.<\/p>\n<p>Mas essas coisas s\u00e3o raras. Estudei em escola p\u00fablica, em S\u00e3o Paulo, e no Rio de Janeiro, mas nas minhas turmas n\u00e3o havia meninos ou meninas de cor. Por que isso? \u00c9 um defeito grave da nossa sociedade.<\/p>\n<p>Joguei voleibol no Am\u00e9rica F. C. Todo o time era de brancos. O mesmo fen\u00f4meno aconteceu no time de basquete. No futebol, quando eu jogava no infantojuvenil, em 1953, o time era todo de atletas brancos. Os negros do primeiro time do Am\u00e9rica eram Gamba, Osni, Natalino e Maneco. Este tinha o apelido de \u201cSaci do Iraj\u00e1\u201d (\u00e9 o terceiro maior artilheiro do Am\u00e9rica e tamb\u00e9m jogou na Sele\u00e7\u00e3o Brasileira). S\u00f3 vim a sentir o respeito \u00e0 diferencia\u00e7\u00e3o no basquete do Clube Municipal, onde fomos campe\u00f5es da segunda divis\u00e3o, e t\u00ednhamos como piv\u00f4 o negro Ol\u00edmpio, que jogava uma barbaridade. Por que isso tem que parecer uma exce\u00e7\u00e3o, quando deveria ser uma regra?<\/p>\n<p>As manifesta\u00e7\u00f5es culturais negras t\u00eam grande destaque no cen\u00e1rio brasileiro. Machado de Assis, um dos criadores da Academia Brasileira de Letras, era mulato e bisneto de escravos, al\u00e9m de ter nascido no Morro do Livramento. Outro escritor que marcou o nome na literatura nacional foi Cruz e Sousa, carinhosamente chamado de &#8220;Cisne Negro&#8221;, que al\u00e9m de ser o nosso maior poeta negro foi um dos precursores do simbolismo no Brasil. Atualmente tenho grande orgulho da amizade que cultivo com o cantor e compositor Martinho da Vila, que representa o que poder\u00edamos chamar de \u201co melhor da ra\u00e7a\u201d, pela simpatia e pelas obras lan\u00e7adas.<\/p>\n<p>Em 2008 foi lan\u00e7ado o livro \u201c100 palavras para conhecer melhor o Brasil\u201d, pela Edi\u00e7\u00f5es Consultor, e o verbete \u201cnegritude\u201d coube ao nosso querido Haroldo Costa, escritor, ator, produtor e sambista negro, que captou muito bem o sentido deste nobre sentimento. Vejamos um pequeno trecho: \u201cNegritude \u00e9 o ac\u00famulo da cultura afro-brasileira, atrav\u00e9s das diversas manifesta\u00e7\u00f5es culturais que formam o espectro geral do nosso comportamento\u201d. Os exemplos listados por Haroldo Costa s\u00e3o variados: Aleijadinho e Mestre Valentim (escultura), Jorge Amado (romance), Luiz Garcia, Jorge de Lima e Solano Trindade (poesia) e Villa-Lobos, Heckel Tavares e Lorenzo Fernandes (m\u00fasica). Viva a cultura negra!<\/p>\n","protected":false},"excerpt":{"rendered":"<p>\u00c9 mais do que justa a comemora\u00e7\u00e3o anual que se faz em homenagem \u00e0 ra\u00e7a negra, que, hoje, representa 54% do povo brasileiro. Se significa a maioria, infelizmente, n\u00e3o \u00e9 mais do que 4% da riqueza nacional, o que mostra bem a diferencia\u00e7\u00e3o existente, ou seja, a desigualdade prevalecente em nosso pa\u00eds. \u00a0\u00a0\u00a0\u00a0\u00a0\u00a0\u00a0\u00a0\u00a0\u00a0\u00a0 Gosto das [&hellip;]<\/p>\n","protected":false},"author":96,"featured_media":96753,"comment_status":"closed","ping_status":"closed","sticky":false,"template":"","format":"standard","meta":{"footnotes":""},"categories":[275,436,439],"tags":[],"class_list":["post-126221","post","type-post","status-publish","format-standard","has-post-thumbnail","hentry","category-arnaldo-niskier","category-destaque-da-semana","category-ultima-hora"],"_links":{"self":[{"href":"https:\/\/diarioregionaldigital.com.br\/index.php?rest_route=\/wp\/v2\/posts\/126221","targetHints":{"allow":["GET"]}}],"collection":[{"href":"https:\/\/diarioregionaldigital.com.br\/index.php?rest_route=\/wp\/v2\/posts"}],"about":[{"href":"https:\/\/diarioregionaldigital.com.br\/index.php?rest_route=\/wp\/v2\/types\/post"}],"author":[{"embeddable":true,"href":"https:\/\/diarioregionaldigital.com.br\/index.php?rest_route=\/wp\/v2\/users\/96"}],"replies":[{"embeddable":true,"href":"https:\/\/diarioregionaldigital.com.br\/index.php?rest_route=%2Fwp%2Fv2%2Fcomments&post=126221"}],"version-history":[{"count":0,"href":"https:\/\/diarioregionaldigital.com.br\/index.php?rest_route=\/wp\/v2\/posts\/126221\/revisions"}],"wp:featuredmedia":[{"embeddable":true,"href":"https:\/\/diarioregionaldigital.com.br\/index.php?rest_route=\/wp\/v2\/media\/96753"}],"wp:attachment":[{"href":"https:\/\/diarioregionaldigital.com.br\/index.php?rest_route=%2Fwp%2Fv2%2Fmedia&parent=126221"}],"wp:term":[{"taxonomy":"category","embeddable":true,"href":"https:\/\/diarioregionaldigital.com.br\/index.php?rest_route=%2Fwp%2Fv2%2Fcategories&post=126221"},{"taxonomy":"post_tag","embeddable":true,"href":"https:\/\/diarioregionaldigital.com.br\/index.php?rest_route=%2Fwp%2Fv2%2Ftags&post=126221"}],"curies":[{"name":"wp","href":"https:\/\/api.w.org\/{rel}","templated":true}]}}