{"id":126216,"date":"2018-11-21T21:48:26","date_gmt":"2018-11-21T23:48:26","guid":{"rendered":"https:\/\/diarioregionaldigital.com.br\/?p=126216"},"modified":"2018-11-21T21:48:26","modified_gmt":"2018-11-21T23:48:26","slug":"visao-de-sindico","status":"publish","type":"post","link":"https:\/\/diarioregionaldigital.com.br\/?p=126216","title":{"rendered":"Vis\u00e3o de s\u00edndico&#8230;"},"content":{"rendered":"<p>Vamos focar hoje sobre um assunto que afeta a maioria dos condom\u00ednios, uma vez que os problemas na comunidade condominial e a falta de vis\u00e3o que precisa ter aquele que realmente administra o condom\u00ednio, que \u00e9 o s\u00edndico. Iniciaremos citando: \u201cO futuro n\u00e3o \u00e9 um predado\u201d. Quando uma gera\u00e7\u00e3o chega ao mundo, seu futuro n\u00e3o est\u00e1 predeterminado, preestabelecido. Por outro lado, o futuro n\u00e3o \u00e9 tamb\u00e9m, por exemplo, a pura repeti\u00e7\u00e3o de um presente de insatisfa\u00e7\u00f5es. \u201cO futuro \u00e9 algo que se vai dando, e esse \u201csevai dando\u201d significa que o futuro existe na medida em que eu ou n\u00f3s mudamos o presente. E \u00e9 mudando o presente que a gente fabricou o futuro, por isso, ent\u00e3o, a hist\u00f3ria \u00e9 possibilidade e n\u00e3o determina\u00e7\u00e3o.\u201d (Freire 2005).<\/p>\n<p>Com esta cita\u00e7\u00e3o, fica claro que os conceitos de democracia, autonomia e gest\u00e3o compartilhada em condom\u00ednio n\u00e3o podem ser usados numa vis\u00e3o cartesiana, positivista. Os prop\u00f3sitos dessas concep\u00e7\u00f5es n\u00e3o podem desvirtuar metas e objetivos contr\u00e1rios aos interesses do condom\u00ednio como um todo. Portanto, nossa reflex\u00e3o pretende colocar-se dentro de uma perspectiva pela humaniza\u00e7\u00e3o do ser humano, na luta cont\u00ednua pelo desenvolvimento do condom\u00ednio e seus moradores.<\/p>\n<p>Podemos analisar a clara import\u00e2ncia desse s\u00edndico a uma figura austera, chata e autorit\u00e1ria, mas sem a qual \u00e9 impens\u00e1vel a solu\u00e7\u00e3o dos problemas cotidianos nos condom\u00ednios.<\/p>\n<p>A Lei 4.591\/64 fazia tamb\u00e9m as fun\u00e7\u00f5es do s\u00edndico, melhor concentradas, agora no C\u00f3digo Civil, art. 1.348, com o inciso III e o par\u00e1grafo 1\u00ba sem correspond\u00eancia com o diploma anterior. Por outro lado o art. 1.347 d\u00e1 \u00e0 assembleia o poder da escolha do s\u00edndico, que pode ser cond\u00f4mino ou n\u00e3o, com a finalidade de uma administra\u00e7\u00e3o do condom\u00ednio mais profissional, por prazo iniciar n\u00e3o superior os dois anos, com possibilidade de reelei\u00e7\u00e3o.<\/p>\n<p>\u00c9 importante verificarmos que a doutrina \u00e9 un\u00e2nime em reconhecer como abusivo o comportamento do titular de um direito que exerce e causa dano a outrem, pode-se definir nos seguintes termos \u201cconstitui alto il\u00edcito, por ser abusivo, o exerc\u00edcio irregular de um direito reconhecido\u201d. O uso abusivo a que se refere \u00e0 lei \u00e9 aquele capaz de prejudicar o vizinho no seu sossego, sa\u00fade e seguran\u00e7a, conforme se afere do cotejo dos artigos 1.277 e 1.336, I, do C\u00f3digo Civil. O que se deve analisar n\u00e3o s\u00e3o imiss\u00f5es produzidas em uma propriedade e sentida em outra, por si s\u00f3s, mas sim a sua interfer\u00eancia nas unidades e que s\u00e3o prejudicadas o sossego, sa\u00fade e seguran\u00e7a dos seus ocupantes.<\/p>\n<p>\u00c9 na conjuga\u00e7\u00e3o desses dois paradigmas que se circunscreve o tema em refer\u00eancia: imiss\u00e3o e preju\u00edzo \u00e0 seguran\u00e7a, sossego e sa\u00fade. N\u00e3o importa que imiss\u00e3o tenha origem no uso normal da propriedade, posto que o termo anormal constante do novo texto no C\u00f3digo Civil compreende que anormais s\u00e3o os efeitos da a\u00e7\u00e3o, violadores dos direitos dos moradores, posto ser a imiss\u00e3o da\u00ed decorrente causadora da interfer\u00eancia \u00e0 sa\u00fade, sossego e seguran\u00e7a dos moradores, do condom\u00ednio.<\/p>\n<p>Obrigado, continuem comunicando conosco atrav\u00e9s do e-mail: tirandotodasduvidas@gmail.com e fale com o consultor Fl\u00e1vio Almeida Chaves Pereira.<\/p>\n","protected":false},"excerpt":{"rendered":"<p>Vamos focar hoje sobre um assunto que afeta a maioria dos condom\u00ednios, uma vez que os problemas na comunidade condominial e a falta de vis\u00e3o que precisa ter aquele que realmente administra o condom\u00ednio, que \u00e9 o s\u00edndico. Iniciaremos citando: \u201cO futuro n\u00e3o \u00e9 um predado\u201d. Quando uma gera\u00e7\u00e3o chega ao mundo, seu futuro n\u00e3o [&hellip;]<\/p>\n","protected":false},"author":96,"featured_media":97691,"comment_status":"closed","ping_status":"closed","sticky":false,"template":"","format":"standard","meta":{"footnotes":""},"categories":[297,436,439],"tags":[],"class_list":["post-126216","post","type-post","status-publish","format-standard","has-post-thumbnail","hentry","category-jose-maria-braz-pereira","category-destaque-da-semana","category-ultima-hora"],"_links":{"self":[{"href":"https:\/\/diarioregionaldigital.com.br\/index.php?rest_route=\/wp\/v2\/posts\/126216","targetHints":{"allow":["GET"]}}],"collection":[{"href":"https:\/\/diarioregionaldigital.com.br\/index.php?rest_route=\/wp\/v2\/posts"}],"about":[{"href":"https:\/\/diarioregionaldigital.com.br\/index.php?rest_route=\/wp\/v2\/types\/post"}],"author":[{"embeddable":true,"href":"https:\/\/diarioregionaldigital.com.br\/index.php?rest_route=\/wp\/v2\/users\/96"}],"replies":[{"embeddable":true,"href":"https:\/\/diarioregionaldigital.com.br\/index.php?rest_route=%2Fwp%2Fv2%2Fcomments&post=126216"}],"version-history":[{"count":0,"href":"https:\/\/diarioregionaldigital.com.br\/index.php?rest_route=\/wp\/v2\/posts\/126216\/revisions"}],"wp:featuredmedia":[{"embeddable":true,"href":"https:\/\/diarioregionaldigital.com.br\/index.php?rest_route=\/wp\/v2\/media\/97691"}],"wp:attachment":[{"href":"https:\/\/diarioregionaldigital.com.br\/index.php?rest_route=%2Fwp%2Fv2%2Fmedia&parent=126216"}],"wp:term":[{"taxonomy":"category","embeddable":true,"href":"https:\/\/diarioregionaldigital.com.br\/index.php?rest_route=%2Fwp%2Fv2%2Fcategories&post=126216"},{"taxonomy":"post_tag","embeddable":true,"href":"https:\/\/diarioregionaldigital.com.br\/index.php?rest_route=%2Fwp%2Fv2%2Ftags&post=126216"}],"curies":[{"name":"wp","href":"https:\/\/api.w.org\/{rel}","templated":true}]}}