{"id":126194,"date":"2018-11-21T20:01:09","date_gmt":"2018-11-21T22:01:09","guid":{"rendered":"https:\/\/diarioregionaldigital.com.br\/?p=126194"},"modified":"2018-11-21T20:49:13","modified_gmt":"2018-11-21T22:49:13","slug":"defesa-civil-divulga-balanco-das-chuvas","status":"publish","type":"post","link":"https:\/\/diarioregionaldigital.com.br\/?p=126194","title":{"rendered":"Defesa Civil divulga balan\u00e7o das chuvas"},"content":{"rendered":"<p>Os pluvi\u00f4metros registraram uma m\u00e9dia de 15,95 mm de chuva em Juiz de Fora, sendo 25,25 mm no S\u00e3o Judas Tadeu, 23,65 mm na Represa Jo\u00e3o Penido e\u00a023,53 no Passos Del Rei. Durante o dia, o Rio Paraibuna subiu de 1,9 metros para 2,23 m.<\/p>\n<p>Entre 9h e 17h dessa quarta-feira, 22, a Defesa Civil recebeu 11 chamados, sendo quatro na regi\u00e3o Sudeste, duas na Norte e no Centro, uma na Leste, na Sul e na Nordeste. Foram quatro amea\u00e7as de escorregamento de talude, duas infiltra\u00e7\u00f5es em laje, um escorregamento de talude, uma orienta\u00e7\u00e3o t\u00e9cnica, uma rua danificada, uma amea\u00e7a de queda de \u00e1rvore e um desabamento de muro de divisa. De acordo com a pasta, os engenheiros est\u00e3o em campo, atendendo \u00e0s solicita\u00e7\u00f5es, que por enquanto se apresentam sem gravidade. Um novo boletim ser\u00e1 enviado na manha desta quinta-feira, 22.<\/p>\n<p>&nbsp;<\/p>\n<h3>Previs\u00e3o<\/h3>\n<p>Esta quinta-feira vai ser mais um dia de chuvas intensas em Juiz de Fora e na regi\u00e3o. De acordo com o Instituto de Meteorologia (INMET), a chuva n\u00e3o vai ser cont\u00ednua, mas nos per\u00edodos da tarde e da noite, a precipita\u00e7\u00e3o pode ser mais intensa.<\/p>\n<p>Os term\u00f4metros devem oscilar entre 13\u00baC e 27\u00baC e a temperatura m\u00e1xima pode chegar a 27\u00baC nas cidades vizinhas.<\/p>\n<p>&nbsp;<\/p>\n<p>Fonte: Assessoria<\/p>\n","protected":false},"excerpt":{"rendered":"<p>Os pluvi\u00f4metros registraram uma m\u00e9dia de 15,95 mm de chuva em Juiz de Fora, sendo 25,25 mm no S\u00e3o Judas Tadeu, 23,65 mm na Represa Jo\u00e3o Penido e\u00a023,53 no Passos Del Rei. Durante o dia, o Rio Paraibuna subiu de 1,9 metros para 2,23 m. Entre 9h e 17h dessa quarta-feira, 22, a Defesa Civil [&hellip;]<\/p>\n","protected":false},"author":96,"featured_media":126207,"comment_status":"closed","ping_status":"closed","sticky":false,"template":"","format":"standard","meta":{"footnotes":""},"categories":[253,436,440,439],"tags":[],"class_list":["post-126194","post","type-post","status-publish","format-standard","has-post-thumbnail","hentry","category-cidade","category-destaque-da-semana","category-destaques-do-dia","category-ultima-hora"],"_links":{"self":[{"href":"https:\/\/diarioregionaldigital.com.br\/index.php?rest_route=\/wp\/v2\/posts\/126194","targetHints":{"allow":["GET"]}}],"collection":[{"href":"https:\/\/diarioregionaldigital.com.br\/index.php?rest_route=\/wp\/v2\/posts"}],"about":[{"href":"https:\/\/diarioregionaldigital.com.br\/index.php?rest_route=\/wp\/v2\/types\/post"}],"author":[{"embeddable":true,"href":"https:\/\/diarioregionaldigital.com.br\/index.php?rest_route=\/wp\/v2\/users\/96"}],"replies":[{"embeddable":true,"href":"https:\/\/diarioregionaldigital.com.br\/index.php?rest_route=%2Fwp%2Fv2%2Fcomments&post=126194"}],"version-history":[{"count":0,"href":"https:\/\/diarioregionaldigital.com.br\/index.php?rest_route=\/wp\/v2\/posts\/126194\/revisions"}],"wp:featuredmedia":[{"embeddable":true,"href":"https:\/\/diarioregionaldigital.com.br\/index.php?rest_route=\/wp\/v2\/media\/126207"}],"wp:attachment":[{"href":"https:\/\/diarioregionaldigital.com.br\/index.php?rest_route=%2Fwp%2Fv2%2Fmedia&parent=126194"}],"wp:term":[{"taxonomy":"category","embeddable":true,"href":"https:\/\/diarioregionaldigital.com.br\/index.php?rest_route=%2Fwp%2Fv2%2Fcategories&post=126194"},{"taxonomy":"post_tag","embeddable":true,"href":"https:\/\/diarioregionaldigital.com.br\/index.php?rest_route=%2Fwp%2Fv2%2Ftags&post=126194"}],"curies":[{"name":"wp","href":"https:\/\/api.w.org\/{rel}","templated":true}]}}