{"id":126191,"date":"2018-11-21T19:58:02","date_gmt":"2018-11-21T21:58:02","guid":{"rendered":"https:\/\/diarioregionaldigital.com.br\/?p=126191"},"modified":"2018-11-21T19:58:02","modified_gmt":"2018-11-21T21:58:02","slug":"sindicato-dos-medicos-reunira-diretoria-para-avaliar-situacao-da-pjf","status":"publish","type":"post","link":"https:\/\/diarioregionaldigital.com.br\/?p=126191","title":{"rendered":"Sindicato dos M\u00e9dicos reunir\u00e1 diretoria para avaliar situa\u00e7\u00e3o da PJF"},"content":{"rendered":"<p>O presidente do Sindicato dos M\u00e9dicos de Juiz de Fora e Zona da Mata, Gilson Salom\u00e3o, convocou para a pr\u00f3xima ter\u00e7a-feira, \u00e0s 19h30, na Sociedade de Medicina, uma reuni\u00e3o da Diretoria da Entidade para avaliar a situa\u00e7\u00e3o da PJF. A decis\u00e3o foi tomada ap\u00f3s reuni\u00e3o, realizada nessa quarta-feira, com o Prefeito Ant\u00f4nio Almas e secretariado. O diretor sindical Luiz Guilherme Veiga tamb\u00e9m participou da reuni\u00e3o assim como os demais sindicatos que integram o F\u00f3rum Unificado dos Servidores Municipais.<\/p>\n<p>De acordo com o presidente do Sindicato as informa\u00e7\u00f5es s\u00e3o preocupantes e somente ap\u00f3s repassar os dados informados nesta manh\u00e3 para a Diretoria \u00e9 que uma decis\u00e3o ser\u00e1 anunciada.<\/p>\n<p>&nbsp;<\/p>\n<p>Fonte: Assessoria<\/p>\n","protected":false},"excerpt":{"rendered":"<p>O presidente do Sindicato dos M\u00e9dicos de Juiz de Fora e Zona da Mata, Gilson Salom\u00e3o, convocou para a pr\u00f3xima ter\u00e7a-feira, \u00e0s 19h30, na Sociedade de Medicina, uma reuni\u00e3o da Diretoria da Entidade para avaliar a situa\u00e7\u00e3o da PJF. A decis\u00e3o foi tomada ap\u00f3s reuni\u00e3o, realizada nessa quarta-feira, com o Prefeito Ant\u00f4nio Almas e secretariado. [&hellip;]<\/p>\n","protected":false},"author":96,"featured_media":126192,"comment_status":"closed","ping_status":"closed","sticky":false,"template":"","format":"standard","meta":{"footnotes":""},"categories":[253,436,439],"tags":[],"class_list":["post-126191","post","type-post","status-publish","format-standard","has-post-thumbnail","hentry","category-cidade","category-destaque-da-semana","category-ultima-hora"],"_links":{"self":[{"href":"https:\/\/diarioregionaldigital.com.br\/index.php?rest_route=\/wp\/v2\/posts\/126191","targetHints":{"allow":["GET"]}}],"collection":[{"href":"https:\/\/diarioregionaldigital.com.br\/index.php?rest_route=\/wp\/v2\/posts"}],"about":[{"href":"https:\/\/diarioregionaldigital.com.br\/index.php?rest_route=\/wp\/v2\/types\/post"}],"author":[{"embeddable":true,"href":"https:\/\/diarioregionaldigital.com.br\/index.php?rest_route=\/wp\/v2\/users\/96"}],"replies":[{"embeddable":true,"href":"https:\/\/diarioregionaldigital.com.br\/index.php?rest_route=%2Fwp%2Fv2%2Fcomments&post=126191"}],"version-history":[{"count":0,"href":"https:\/\/diarioregionaldigital.com.br\/index.php?rest_route=\/wp\/v2\/posts\/126191\/revisions"}],"wp:featuredmedia":[{"embeddable":true,"href":"https:\/\/diarioregionaldigital.com.br\/index.php?rest_route=\/wp\/v2\/media\/126192"}],"wp:attachment":[{"href":"https:\/\/diarioregionaldigital.com.br\/index.php?rest_route=%2Fwp%2Fv2%2Fmedia&parent=126191"}],"wp:term":[{"taxonomy":"category","embeddable":true,"href":"https:\/\/diarioregionaldigital.com.br\/index.php?rest_route=%2Fwp%2Fv2%2Fcategories&post=126191"},{"taxonomy":"post_tag","embeddable":true,"href":"https:\/\/diarioregionaldigital.com.br\/index.php?rest_route=%2Fwp%2Fv2%2Ftags&post=126191"}],"curies":[{"name":"wp","href":"https:\/\/api.w.org\/{rel}","templated":true}]}}