{"id":126183,"date":"2018-11-21T16:57:02","date_gmt":"2018-11-21T18:57:02","guid":{"rendered":"https:\/\/diarioregionaldigital.com.br\/?p=126183"},"modified":"2018-11-21T16:57:02","modified_gmt":"2018-11-21T18:57:02","slug":"brasil-criou-790-mil-postos-de-trabalho-este-ano-anuncia-temer","status":"publish","type":"post","link":"https:\/\/diarioregionaldigital.com.br\/?p=126183","title":{"rendered":"Brasil criou 790 mil postos de trabalho este ano, anuncia Temer"},"content":{"rendered":"<p>O Brasil criou mais de 57 mil postos de trabalho com carteira assinada em outubro, totalizando 790 mil vagas neste ano, informou o presidente da Rep\u00fablica, Michel Temer, em sua conta no Twitter. O presidente adiantou, em cerca de meia-hora, os dados do Cadastro Geral de Empregados e Desempregados (Caged), divulgado todos os meses pelo Minist\u00e9rio do Trabalho.<\/p>\n<p>De acordo com o presidente, os dados mostram crescimento acumulado de 2,09% na cria\u00e7\u00e3o de empregos nos dez primeiros meses de 2018, em rela\u00e7\u00e3o ao mesmo per\u00edodo do ano passado. Segundo Temer, os resultados indicam a recupera\u00e7\u00e3o da economia.<\/p>\n<p>\u201cRecebi a informa\u00e7\u00e3o de que criamos mais de 57 mil novas vagas de empregos formais em outubro. No acumulado do ano, s\u00e3o mais de 790 mil, um crescimento de 2,09%. Isso significa que o Brasil est\u00e1 no rumo certo\u201d, escreveu Temer no Twitter.<\/p>\n<p>Fonte: Ag\u00eancia Brasil<\/p>\n","protected":false},"excerpt":{"rendered":"<p>O Brasil criou mais de 57 mil postos de trabalho com carteira assinada em outubro, totalizando 790 mil vagas neste ano, informou o presidente da Rep\u00fablica, Michel Temer, em sua conta no Twitter. O presidente adiantou, em cerca de meia-hora, os dados do Cadastro Geral de Empregados e Desempregados (Caged), divulgado todos os meses pelo [&hellip;]<\/p>\n","protected":false},"author":96,"featured_media":112423,"comment_status":"closed","ping_status":"closed","sticky":false,"template":"","format":"standard","meta":{"footnotes":""},"categories":[302,436,439],"tags":[],"class_list":["post-126183","post","type-post","status-publish","format-standard","has-post-thumbnail","hentry","category-brasil-mundo","category-destaque-da-semana","category-ultima-hora"],"_links":{"self":[{"href":"https:\/\/diarioregionaldigital.com.br\/index.php?rest_route=\/wp\/v2\/posts\/126183","targetHints":{"allow":["GET"]}}],"collection":[{"href":"https:\/\/diarioregionaldigital.com.br\/index.php?rest_route=\/wp\/v2\/posts"}],"about":[{"href":"https:\/\/diarioregionaldigital.com.br\/index.php?rest_route=\/wp\/v2\/types\/post"}],"author":[{"embeddable":true,"href":"https:\/\/diarioregionaldigital.com.br\/index.php?rest_route=\/wp\/v2\/users\/96"}],"replies":[{"embeddable":true,"href":"https:\/\/diarioregionaldigital.com.br\/index.php?rest_route=%2Fwp%2Fv2%2Fcomments&post=126183"}],"version-history":[{"count":0,"href":"https:\/\/diarioregionaldigital.com.br\/index.php?rest_route=\/wp\/v2\/posts\/126183\/revisions"}],"wp:featuredmedia":[{"embeddable":true,"href":"https:\/\/diarioregionaldigital.com.br\/index.php?rest_route=\/wp\/v2\/media\/112423"}],"wp:attachment":[{"href":"https:\/\/diarioregionaldigital.com.br\/index.php?rest_route=%2Fwp%2Fv2%2Fmedia&parent=126183"}],"wp:term":[{"taxonomy":"category","embeddable":true,"href":"https:\/\/diarioregionaldigital.com.br\/index.php?rest_route=%2Fwp%2Fv2%2Fcategories&post=126183"},{"taxonomy":"post_tag","embeddable":true,"href":"https:\/\/diarioregionaldigital.com.br\/index.php?rest_route=%2Fwp%2Fv2%2Ftags&post=126183"}],"curies":[{"name":"wp","href":"https:\/\/api.w.org\/{rel}","templated":true}]}}