{"id":126181,"date":"2018-11-21T16:53:55","date_gmt":"2018-11-21T18:53:55","guid":{"rendered":"https:\/\/diarioregionaldigital.com.br\/?p=126181"},"modified":"2018-11-21T16:53:55","modified_gmt":"2018-11-21T18:53:55","slug":"ocde-reduz-projecao-de-crescimento-da-economia-brasileira-em-2019","status":"publish","type":"post","link":"https:\/\/diarioregionaldigital.com.br\/?p=126181","title":{"rendered":"OCDE reduz proje\u00e7\u00e3o de crescimento da economia brasileira em 2019"},"content":{"rendered":"<p>A economia brasileira deve crescer 2,1% no pr\u00f3ximo ano. Essa \u00e9 a previs\u00e3o para o Produto Interno Bruto (PIB), soma de todos os bens e servi\u00e7os produzidos pelo pa\u00eds, divulgada hoje, 21, pela Organiza\u00e7\u00e3o para a Coopera\u00e7\u00e3o e o Desenvolvimento Econ\u00f4mico (OCDE). A estimativa \u00e9 menor que a divulgada pela organiza\u00e7\u00e3o<a href=\"http:\/\/agenciabrasil.ebc.com.br\/economia\/noticia\/2018-09\/ocde-reduz-para-12-previsao-de-crescimento-da-economia-brasileira\" target=\"_blank\" rel=\"noopener\"> em setembro<\/a>: 2,5%.<\/p>\n<p>Para este ano, o OCDE manteve a estimativa de 1,2%. Em 2020, a organiza\u00e7\u00e3o prev\u00ea crescimento de 2,4%.<\/p>\n<p>Segundo relat\u00f3rio da OCDE, o crescimento econ\u00f4mico do Brasil ganhar\u00e1 impulso em 2019 e 2020, \u00e0 medida que o consumo privado, apoiado por melhorias no mercado de trabalho, aumentar. A organiza\u00e7\u00e3o tamb\u00e9m espera por recupera\u00e7\u00e3o do cr\u00e9dito e maior seguran\u00e7a pol\u00edtica com a posse do novo governo. Entretanto, a OCDE diz que a incerteza pol\u00edtica em torno da implementa\u00e7\u00e3o das reformas permanece significativa e pode atrapalhar a recupera\u00e7\u00e3o, mas, ressalta, que se a incerteza desaparecer e as reformas avan\u00e7arem, como se sup\u00f5e, o investimento se tornar\u00e1 mais forte.<\/p>\n<h2>PIB mundial<\/h2>\n<p>A previs\u00e3o para o crescimento da economia brasileira ficar\u00e1 abaixo da m\u00e9dia mundial. A estimativa da OCDE para o crescimento da economia mundial \u00e9 3,7%, em 2018, 3,5%, no pr\u00f3ximo ano e em 2020. Em setembro, a organiza\u00e7\u00e3o previa expans\u00e3o de 3,7% tanto neste ano quanto em 2019.<\/p>\n<p>Para a OCDE, o crescimento das tens\u00f5es comerciais \u00e9 um risco para os investimentos, empregos e padr\u00e3o de vida. Outro risco que pode reduzir o crescimento mundial, citado no relat\u00f3rio, \u00e9 a alta dos pre\u00e7os do petr\u00f3leo.<\/p>\n<p>O relat\u00f3rio indica que, apesar do crescimento da produ\u00e7\u00e3o nos Estados Unidos e na R\u00fassia, os pre\u00e7os t\u00eam subido desde o in\u00edcio do ano impulsionado pelo crescimento cont\u00ednuo da demanda, crise na Venezuela e incertezas sobre o impacto das san\u00e7\u00f5es sobre a produ\u00e7\u00e3o no Ir\u00e3. O relat\u00f3rio cita ainda o risco de desacelera\u00e7\u00e3o do crescimento da China e aumento mais intenso da taxa de juros dos Estados Unidos, com impactos sobre economias emergentes.<br \/>\nFonte: Ag\u00eancia Brasil<\/p>\n","protected":false},"excerpt":{"rendered":"<p>A economia brasileira deve crescer 2,1% no pr\u00f3ximo ano. Essa \u00e9 a previs\u00e3o para o Produto Interno Bruto (PIB), soma de todos os bens e servi\u00e7os produzidos pelo pa\u00eds, divulgada hoje, 21, pela Organiza\u00e7\u00e3o para a Coopera\u00e7\u00e3o e o Desenvolvimento Econ\u00f4mico (OCDE). A estimativa \u00e9 menor que a divulgada pela organiza\u00e7\u00e3o em setembro: 2,5%. Para [&hellip;]<\/p>\n","protected":false},"author":96,"featured_media":105072,"comment_status":"closed","ping_status":"closed","sticky":false,"template":"","format":"standard","meta":{"footnotes":""},"categories":[436,261,439],"tags":[],"class_list":["post-126181","post","type-post","status-publish","format-standard","has-post-thumbnail","hentry","category-destaque-da-semana","category-economia","category-ultima-hora"],"_links":{"self":[{"href":"https:\/\/diarioregionaldigital.com.br\/index.php?rest_route=\/wp\/v2\/posts\/126181","targetHints":{"allow":["GET"]}}],"collection":[{"href":"https:\/\/diarioregionaldigital.com.br\/index.php?rest_route=\/wp\/v2\/posts"}],"about":[{"href":"https:\/\/diarioregionaldigital.com.br\/index.php?rest_route=\/wp\/v2\/types\/post"}],"author":[{"embeddable":true,"href":"https:\/\/diarioregionaldigital.com.br\/index.php?rest_route=\/wp\/v2\/users\/96"}],"replies":[{"embeddable":true,"href":"https:\/\/diarioregionaldigital.com.br\/index.php?rest_route=%2Fwp%2Fv2%2Fcomments&post=126181"}],"version-history":[{"count":0,"href":"https:\/\/diarioregionaldigital.com.br\/index.php?rest_route=\/wp\/v2\/posts\/126181\/revisions"}],"wp:featuredmedia":[{"embeddable":true,"href":"https:\/\/diarioregionaldigital.com.br\/index.php?rest_route=\/wp\/v2\/media\/105072"}],"wp:attachment":[{"href":"https:\/\/diarioregionaldigital.com.br\/index.php?rest_route=%2Fwp%2Fv2%2Fmedia&parent=126181"}],"wp:term":[{"taxonomy":"category","embeddable":true,"href":"https:\/\/diarioregionaldigital.com.br\/index.php?rest_route=%2Fwp%2Fv2%2Fcategories&post=126181"},{"taxonomy":"post_tag","embeddable":true,"href":"https:\/\/diarioregionaldigital.com.br\/index.php?rest_route=%2Fwp%2Fv2%2Ftags&post=126181"}],"curies":[{"name":"wp","href":"https:\/\/api.w.org\/{rel}","templated":true}]}}