{"id":126173,"date":"2018-11-21T16:46:52","date_gmt":"2018-11-21T18:46:52","guid":{"rendered":"https:\/\/diarioregionaldigital.com.br\/?p=126173"},"modified":"2018-11-21T16:46:52","modified_gmt":"2018-11-21T18:46:52","slug":"novas-diretrizes-para-o-curriculo-do-ensino-medio-sao-homologadas","status":"publish","type":"post","link":"https:\/\/diarioregionaldigital.com.br\/?p=126173","title":{"rendered":"Novas diretrizes para o curr\u00edculo do ensino m\u00e9dio s\u00e3o homologadas"},"content":{"rendered":"<p>As novas Diretrizes Curriculares Nacionais (DCNs) do Ensino M\u00e9dio foram homologadas na \u00faltima ter\u00e7a-feira, 20, em Bras\u00edlia, pelo ministro da Educa\u00e7\u00e3o, Rossieli Soares. Aprovado no in\u00edcio do m\u00eas pela C\u00e2mara de Educa\u00e7\u00e3o B\u00e1sica (CEB), do Conselho Nacional de Educa\u00e7\u00e3o (CNE), o documento ser\u00e1 respons\u00e1vel por orientar a implementa\u00e7\u00e3o da reforma do ensino m\u00e9dio brasileiro.<\/p>\n<p>A partir de agora, as redes e sistemas de educa\u00e7\u00e3o podem iniciar a organiza\u00e7\u00e3o das formas de oferta do novo ensino m\u00e9dio. A lei estabelece, no entanto, que as mudan\u00e7as nos curr\u00edculos devem ser feitas somente ap\u00f3s a aprova\u00e7\u00e3o da Base Nacional Comum Curricular (BNCC), que segue sendo debatida.<\/p>\n<p>\u201cDurante toda a discuss\u00e3o da lei da reforma do ensino m\u00e9dio, as diretrizes curriculares sempre foram tidas como um passo importante de regulamenta\u00e7\u00e3o, por parte do CNE\u201d, ressaltou Rossieli Soares. \u201cEnt\u00e3o hoje est\u00e3o esclarecidos, colocados limites em uma s\u00e9rie de coisas que os estados poder\u00e3o fazer a partir j\u00e1 do pr\u00f3ximo ano\u201d, acrescentou o ministro.<\/p>\n<p>Pela lei que define as novas regras para o ensino m\u00e9dio, aprovada no ano passado, os estudantes ter\u00e3o duas etapas de forma\u00e7\u00e3o: uma comum, que dever\u00e1 ser frequentada por todos os alunos desse n\u00edvel de ensino; e outra espec\u00edfica, que pode variar entre linguagens, matem\u00e1tica, ci\u00eancias da natureza, ci\u00eancias humanas ou ensino t\u00e9cnico, de acordo com a escolha do estudante.<\/p>\n<h3><b>Enem<\/b><\/h3>\n<p>As novas diretrizes tamb\u00e9m podem ter reflexos no Exame Nacional do Ensino M\u00e9dio (Enem). Caso a BNCC seja aprovada pelo CNE, o exame dever\u00e1 se adequar ao novo modelo educacional.<\/p>\n<p>\u201cEle [Enem] continuar\u00e1 sendo executado em dois dias, sendo que o primeiro ser\u00e1 para as habilidades e compet\u00eancias que ser\u00e3o previstas na BNCC. O segundo dia ser\u00e1 de escolha do aluno para um dos itiner\u00e1rios formativos, especialmente as quatro \u00e1reas de conhecimento, podendo ainda ter o referencial e itiner\u00e1rio t\u00e9cnico, que tamb\u00e9m far\u00e1 parte\u201d, explicou Rossieli Soares. Segundo o ministro, as mudan\u00e7as devem impactar o exame somente a partir de 2021.<\/p>\n<p><b>Debates<\/b><\/p>\n<p>O conte\u00fado das novas Diretrizes Curriculares Nacionais foi definido ap\u00f3s dois anos de intensos trabalhos e debates no CNE, que inclui discuss\u00f5es espec\u00edficas sobre a forma\u00e7\u00e3o no ensino m\u00e9dio.<\/p>\n<p>Para chegar \u00e0 vers\u00e3o final, o CNE recebeu mais de 90 contribui\u00e7\u00f5es de v\u00e1rias \u00e1reas educacionais de todo o Brasil durante o per\u00edodo de consulta p\u00fablica, encerrado em outubro passado.<\/p>\n<p><span class=\"discreet\">Fonte: Governo do Brasil, com informa\u00e7\u00f5es do Minist\u00e9rio da Educa\u00e7\u00e3o e da Ag\u00eancia Brasil<\/span><\/p>\n","protected":false},"excerpt":{"rendered":"<p>As novas Diretrizes Curriculares Nacionais (DCNs) do Ensino M\u00e9dio foram homologadas na \u00faltima ter\u00e7a-feira, 20, em Bras\u00edlia, pelo ministro da Educa\u00e7\u00e3o, Rossieli Soares. Aprovado no in\u00edcio do m\u00eas pela C\u00e2mara de Educa\u00e7\u00e3o B\u00e1sica (CEB), do Conselho Nacional de Educa\u00e7\u00e3o (CNE), o documento ser\u00e1 respons\u00e1vel por orientar a implementa\u00e7\u00e3o da reforma do ensino m\u00e9dio brasileiro. A [&hellip;]<\/p>\n","protected":false},"author":96,"featured_media":126175,"comment_status":"closed","ping_status":"closed","sticky":false,"template":"","format":"standard","meta":{"footnotes":""},"categories":[302,436,439],"tags":[],"class_list":["post-126173","post","type-post","status-publish","format-standard","has-post-thumbnail","hentry","category-brasil-mundo","category-destaque-da-semana","category-ultima-hora"],"_links":{"self":[{"href":"https:\/\/diarioregionaldigital.com.br\/index.php?rest_route=\/wp\/v2\/posts\/126173","targetHints":{"allow":["GET"]}}],"collection":[{"href":"https:\/\/diarioregionaldigital.com.br\/index.php?rest_route=\/wp\/v2\/posts"}],"about":[{"href":"https:\/\/diarioregionaldigital.com.br\/index.php?rest_route=\/wp\/v2\/types\/post"}],"author":[{"embeddable":true,"href":"https:\/\/diarioregionaldigital.com.br\/index.php?rest_route=\/wp\/v2\/users\/96"}],"replies":[{"embeddable":true,"href":"https:\/\/diarioregionaldigital.com.br\/index.php?rest_route=%2Fwp%2Fv2%2Fcomments&post=126173"}],"version-history":[{"count":0,"href":"https:\/\/diarioregionaldigital.com.br\/index.php?rest_route=\/wp\/v2\/posts\/126173\/revisions"}],"wp:featuredmedia":[{"embeddable":true,"href":"https:\/\/diarioregionaldigital.com.br\/index.php?rest_route=\/wp\/v2\/media\/126175"}],"wp:attachment":[{"href":"https:\/\/diarioregionaldigital.com.br\/index.php?rest_route=%2Fwp%2Fv2%2Fmedia&parent=126173"}],"wp:term":[{"taxonomy":"category","embeddable":true,"href":"https:\/\/diarioregionaldigital.com.br\/index.php?rest_route=%2Fwp%2Fv2%2Fcategories&post=126173"},{"taxonomy":"post_tag","embeddable":true,"href":"https:\/\/diarioregionaldigital.com.br\/index.php?rest_route=%2Fwp%2Fv2%2Ftags&post=126173"}],"curies":[{"name":"wp","href":"https:\/\/api.w.org\/{rel}","templated":true}]}}