{"id":126148,"date":"2018-11-21T12:12:57","date_gmt":"2018-11-21T14:12:57","guid":{"rendered":"https:\/\/diarioregionaldigital.com.br\/?p=126148"},"modified":"2018-11-21T12:12:57","modified_gmt":"2018-11-21T14:12:57","slug":"bolsonaro-anuncia-andre-luiz-de-almeida-mendonca-para-chefiar-agu","status":"publish","type":"post","link":"https:\/\/diarioregionaldigital.com.br\/?p=126148","title":{"rendered":"Bolsonaro anuncia Andr\u00e9 Luiz de Almeida Mendon\u00e7a para chefiar AGU"},"content":{"rendered":"<p>O presidente eleito Jair Bolsonaro confirmou nesta quarta-feira, 21, o nome do advogado Andr\u00e9 Luiz de Almeida Mendon\u00e7a para a Advocacia-Geral da Uni\u00e3o (AGU). Na conta do Twitter, Bolsonaro se referiu ao novo ministro como \u201cMendon\u00e7\u00e3o\u201d e o descreveu como sendo &#8220;advogado com ampla viv\u00eancia e experi\u00eancia no setor&#8221;.<\/p>\n<p>Mendon\u00e7a atuou em \u00e1reas de transpar\u00eancia e combate \u00e0 corrup\u00e7\u00e3o em parceria com a Controladoria-Geral da Uni\u00e3o.<\/p>\n<p>Com p\u00f3s-gradua\u00e7\u00e3o em Governan\u00e7a Global, Mendon\u00e7a \u00e9 advogado da Uni\u00e3o desde 2000 e foi procurador seccional da Uni\u00e3o em Londrina. Ele tamb\u00e9m coordenou a \u00e1rea disciplinar da Corregedoria da AGU.<\/p>\n<p>Mendon\u00e7a vai substituir a ministra Grace Mendon\u00e7a, que \u00e9 advogada da Uni\u00e3o desde 2001 e chefia a AGU desde setembro de 2016. Ela foi nomeada pelo presidente Michel Temer e foi a primeira mulher a assumir o comando da pasta.<\/p>\n<p><em>Fonte: Ag\u00eancia Brasil<\/em><\/p>\n","protected":false},"excerpt":{"rendered":"<p>O presidente eleito Jair Bolsonaro confirmou nesta quarta-feira, 21, o nome do advogado Andr\u00e9 Luiz de Almeida Mendon\u00e7a para a Advocacia-Geral da Uni\u00e3o (AGU). Na conta do Twitter, Bolsonaro se referiu ao novo ministro como \u201cMendon\u00e7\u00e3o\u201d e o descreveu como sendo &#8220;advogado com ampla viv\u00eancia e experi\u00eancia no setor&#8221;. Mendon\u00e7a atuou em \u00e1reas de transpar\u00eancia [&hellip;]<\/p>\n","protected":false},"author":96,"featured_media":0,"comment_status":"closed","ping_status":"closed","sticky":false,"template":"","format":"standard","meta":{"footnotes":""},"categories":[254,439],"tags":[],"class_list":["post-126148","post","type-post","status-publish","format-standard","hentry","category-politica","category-ultima-hora"],"_links":{"self":[{"href":"https:\/\/diarioregionaldigital.com.br\/index.php?rest_route=\/wp\/v2\/posts\/126148","targetHints":{"allow":["GET"]}}],"collection":[{"href":"https:\/\/diarioregionaldigital.com.br\/index.php?rest_route=\/wp\/v2\/posts"}],"about":[{"href":"https:\/\/diarioregionaldigital.com.br\/index.php?rest_route=\/wp\/v2\/types\/post"}],"author":[{"embeddable":true,"href":"https:\/\/diarioregionaldigital.com.br\/index.php?rest_route=\/wp\/v2\/users\/96"}],"replies":[{"embeddable":true,"href":"https:\/\/diarioregionaldigital.com.br\/index.php?rest_route=%2Fwp%2Fv2%2Fcomments&post=126148"}],"version-history":[{"count":0,"href":"https:\/\/diarioregionaldigital.com.br\/index.php?rest_route=\/wp\/v2\/posts\/126148\/revisions"}],"wp:attachment":[{"href":"https:\/\/diarioregionaldigital.com.br\/index.php?rest_route=%2Fwp%2Fv2%2Fmedia&parent=126148"}],"wp:term":[{"taxonomy":"category","embeddable":true,"href":"https:\/\/diarioregionaldigital.com.br\/index.php?rest_route=%2Fwp%2Fv2%2Fcategories&post=126148"},{"taxonomy":"post_tag","embeddable":true,"href":"https:\/\/diarioregionaldigital.com.br\/index.php?rest_route=%2Fwp%2Fv2%2Ftags&post=126148"}],"curies":[{"name":"wp","href":"https:\/\/api.w.org\/{rel}","templated":true}]}}